{"id":38546,"date":"2017-05-26T15:03:26","date_gmt":"2017-05-26T15:03:26","guid":{"rendered":"http:\/\/folhadosudeste.com\/site\/?p=38546"},"modified":"2017-06-01T13:18:58","modified_gmt":"2017-06-01T13:18:58","slug":"manifestacoes-contra-reformas-e-contra-temer-acontecem-em-muriae","status":"publish","type":"post","link":"http:\/\/folhadosudeste.com\/site\/?p=38546","title":{"rendered":"MANIFESTA\u00c7\u00d5ES CONTRA REFORMAS E CONTRA TEMER ACONTECEM EM MURIA\u00c9"},"content":{"rendered":"<p>\n\t<a href=\"http:\/\/folhadosudeste.com\/site\/wp-content\/uploads\/2017\/05\/MANIFESTA\u00c7\u00c3O.jpg\"><img loading=\"lazy\" decoding=\"async\" alt=\"\" class=\"aligncenter size-full wp-image-38572\" height=\"327\" src=\"http:\/\/folhadosudeste.com\/site\/wp-content\/uploads\/2017\/05\/MANIFESTA\u00c7\u00c3O.jpg\" width=\"620\" srcset=\"http:\/\/folhadosudeste.com\/site\/wp-content\/uploads\/2017\/05\/MANIFESTA\u00c7\u00c3O.jpg 620w, http:\/\/folhadosudeste.com\/site\/wp-content\/uploads\/2017\/05\/MANIFESTA\u00c7\u00c3O-300x158.jpg 300w\" sizes=\"auto, (max-width: 620px) 100vw, 620px\" \/><\/a>\n<\/p>\n<p style=\"text-align: justify;\">\n\tMuria&eacute; tamb&eacute;m aderiu as manifesta&ccedil;&otilde;es que t&ecirc;m acontecido em todo o Brasil. Movimentos sociais, sindicais e estudantis da cidade (lideran&ccedil;a do Sindicato &Uacute;nico dos Trabalhadores em Educa&ccedil;&atilde;o de Minas Gerais (Sind-UTE MG Subsede Muria&eacute;), Movimento Estudantil de Muria&eacute; e Movimento Levante Popular da Juventude) convocaram a popula&ccedil;&atilde;o e muitos responderam comparecendo ao protesto realizado na tarde da &uacute;ltima quinta (25), na Pra&ccedil;a Jo&atilde;o Pinheiro. A indigna&ccedil;&atilde;o fica por conta das propostas de reformas trabalhista e previdenci&aacute;ria e a necessidade de que o presidente Michel Temer deixe o cargo diante das acusa&ccedil;&otilde;es que v&ecirc;m sendo comprovadas envolvendo seu nome. Estudantes, professores, sindicalistas e populares ergueram bandeiras, faixas e instrumentos desde a concentra&ccedil;&atilde;o, na pra&ccedil;a, at&eacute; durante a caminhada em dire&ccedil;&atilde;o ao bairro Porto com carros de som.\n<\/p>\n<p style=\"text-align: justify;\">\n\tVeja mais na edi&ccedil;&atilde;o 759 do Folha do Sudeste<\/p>\n","protected":false},"excerpt":{"rendered":"<p>Muria&eacute; tamb&eacute;m aderiu as manifesta&ccedil;&otilde;es que t&ecirc;m acontecido em todo o Brasil. Movimentos sociais, sindicais e estudantis da cidade (lideran&ccedil;a do Sindicato &Uacute;nico dos Trabalhadores em Educa&ccedil;&atilde;o de Minas Gerais (Sind-UTE MG Subsede Muria&eacute;), Movimento Estudantil de Muria&eacute; e Movimento Levante Popular da Juventude) convocaram a popula&ccedil;&atilde;o e muitos responderam comparecendo ao protesto realizado na [&hellip;]<\/p>\n","protected":false},"author":2,"featured_media":38572,"comment_status":"open","ping_status":"closed","sticky":false,"template":"","format":"standard","meta":{"_joinchat":[],"footnotes":""},"categories":[1],"tags":[],"class_list":["post-38546","post","type-post","status-publish","format-standard","has-post-thumbnail","hentry","category-sem-categoria"],"_links":{"self":[{"href":"http:\/\/folhadosudeste.com\/site\/index.php?rest_route=\/wp\/v2\/posts\/38546","targetHints":{"allow":["GET"]}}],"collection":[{"href":"http:\/\/folhadosudeste.com\/site\/index.php?rest_route=\/wp\/v2\/posts"}],"about":[{"href":"http:\/\/folhadosudeste.com\/site\/index.php?rest_route=\/wp\/v2\/types\/post"}],"author":[{"embeddable":true,"href":"http:\/\/folhadosudeste.com\/site\/index.php?rest_route=\/wp\/v2\/users\/2"}],"replies":[{"embeddable":true,"href":"http:\/\/folhadosudeste.com\/site\/index.php?rest_route=%2Fwp%2Fv2%2Fcomments&post=38546"}],"version-history":[{"count":5,"href":"http:\/\/folhadosudeste.com\/site\/index.php?rest_route=\/wp\/v2\/posts\/38546\/revisions"}],"predecessor-version":[{"id":38618,"href":"http:\/\/folhadosudeste.com\/site\/index.php?rest_route=\/wp\/v2\/posts\/38546\/revisions\/38618"}],"wp:featuredmedia":[{"embeddable":true,"href":"http:\/\/folhadosudeste.com\/site\/index.php?rest_route=\/wp\/v2\/media\/38572"}],"wp:attachment":[{"href":"http:\/\/folhadosudeste.com\/site\/index.php?rest_route=%2Fwp%2Fv2%2Fmedia&parent=38546"}],"wp:term":[{"taxonomy":"category","embeddable":true,"href":"http:\/\/folhadosudeste.com\/site\/index.php?rest_route=%2Fwp%2Fv2%2Fcategories&post=38546"},{"taxonomy":"post_tag","embeddable":true,"href":"http:\/\/folhadosudeste.com\/site\/index.php?rest_route=%2Fwp%2Fv2%2Ftags&post=38546"}],"curies":[{"name":"wp","href":"https:\/\/api.w.org\/{rel}","templated":true}]}}