{"id":38686,"date":"2017-06-02T14:38:13","date_gmt":"2017-06-02T14:38:13","guid":{"rendered":"http:\/\/folhadosudeste.com\/site\/?p=38686"},"modified":"2017-06-03T16:13:16","modified_gmt":"2017-06-03T16:13:16","slug":"lider-chevrolet-muriae-comemora-50-anos-de-sucesso-no-mercado-automotivo","status":"publish","type":"post","link":"http:\/\/folhadosudeste.com\/site\/?p=38686","title":{"rendered":"LIDER CHEVROLET MURIA\u00c9 COMEMORA 50 ANOS DE SUCESSO NO MERCADO AUTOMOTIVO"},"content":{"rendered":"<p><a href=\"http:\/\/folhadosudeste.com\/site\/wp-content\/uploads\/2017\/06\/LIDER.jpg\"><img loading=\"lazy\" decoding=\"async\" class=\"aligncenter size-full wp-image-38687\" src=\"http:\/\/folhadosudeste.com\/site\/wp-content\/uploads\/2017\/06\/LIDER.jpg\" alt=\"\" width=\"620\" height=\"221\" srcset=\"http:\/\/folhadosudeste.com\/site\/wp-content\/uploads\/2017\/06\/LIDER.jpg 620w, http:\/\/folhadosudeste.com\/site\/wp-content\/uploads\/2017\/06\/LIDER-300x107.jpg 300w\" sizes=\"auto, (max-width: 620px) 100vw, 620px\" \/><\/a><\/p>\n<p style=\"text-align: justify;\">Em comemora\u00e7\u00e3o aos 50 anos da Concession\u00e1ria Lider Chevrolet, de Muria\u00e9, no final de semana, o Grupo Lider, uma das maiores organiza\u00e7\u00f5es corporativas do pa\u00eds, promoveu uma s\u00e9rie de eventos voltados ao corpo administrativo e colaboradores. A cerim\u00f4nia foi marcada por um jantar e pronunciamentos sobre a trajet\u00f3ria do Grupo.&nbsp;<\/p>\n<p style=\"text-align: justify;\">Fundada pelo diligente empres\u00e1rio Jos\u00e9 Braz, pai de Braulio Braz, e onde ele come\u00e7ou sua carreira, aos 18 anos, a empresa se destaca por ser pioneira em vis\u00e3o de mercado, acreditando na fidelidade, no respeito, na garra e na melhor oferta poss\u00edvel de servi\u00e7os aos seus clientes. Os resultados do intenso trabalho, do esfor\u00e7o, da persist\u00eancia, e, mais do que isso, de grandes acertos, de Braulio Braz, tornam, hoje, o Grupo L\u00edder, refer\u00eancia em organiza\u00e7\u00e3o empresarial.&nbsp;<\/p>\n<p style=\"text-align: justify;\">Os agradecimentos pelo sucesso da empresa, como explica Braulio Braz, tamb\u00e9m s\u00e3o dados \u00e0 uni\u00e3o, sempre mantida pela fam\u00edlia. \u201c\u00c9 envaidecedor ver o resultado de um sonho que come\u00e7ou h\u00e1 50 anos e, hoje, os motivos para comemorarmos a exist\u00eancia da L\u00edder s\u00e3o in\u00fameros. \u00c9, sem d\u00favida, uma importante caminhada que temos feito e estamos vencendo com profissionalismo, perseveran\u00e7a, credibilidade e efici\u00eancia. Que o empenho de todos continue trazendo bons resultados! N\u00e3o poderia deixar de fazer o agradecimento \u00e0 minha fam\u00edlia. Ao meu pai, Jos\u00e9 Braz, com quem tenho uma rela\u00e7\u00e3o, n\u00e3o de apenas pai e filho, mas sim de respeito e admira\u00e7\u00e3o; \u00e0 pessoa da minha esposa, Beth, cujo apoio foi fundamental para incentivar a minha carreira profissional. Uma companheira singular, de personalidade forte, que criou os nossos filhos acreditando, como n\u00f3s, na for\u00e7a do trabalho. \u00c0 minha m\u00e3e que sempre me incentivou e me transmitiu a garra e a dedica\u00e7\u00e3o de querer melhorar, a cada dia; \u00e0 minha irm\u00e3, Ad\u00e9lia, e \u00e0 mem\u00f3ria de Gilberto, que nos deixou um excelente exemplo de vida; aos meus cunhados, T\u00f3ya e Danilo; filhos; sobrinhos e netos. Nossa uni\u00e3o, como fam\u00edlia, foi e sempre ser\u00e1 a base de muitas outras conquistas\u201d, disse Braulio Braz.&nbsp;<\/p>\n<p style=\"text-align: justify;\">O resultado de todo o empenho da fam\u00edlia Braz, especialmente de seu administrador, Braulio Braz, vem em pr\u00eamios da General Motors do Brasil (GM), como concession\u00e1ria Classe A. Estes certificados s\u00e3o dados \u00e0s empresas que apresentam excel\u00eancia em atendimento, padr\u00e3o de qualidade supremo, satisfa\u00e7\u00e3o dos clientes, vendas e p\u00f3s-vendas, infraestrutura, lideran\u00e7a de mercado, treinamento e desenvolvimento equilibrado.&nbsp;<\/p>\n<p style=\"text-align: justify;\">O Gerente regional da GM Minas Gerais, Fernando Salles, realizou, na ocasi\u00e3o, a entrega da 11\u00aa placa de certifica\u00e7\u00e3o de concession\u00e1ria classe \u201cA\u201d, \u00e0 Lider, destacando sua import\u00e2ncia no mercado Nacional. \u201cS\u00e3o 50 anos de empreendedorismo, neste disputado mercado, e somente sendo uma \u00e1guia para chegar at\u00e9 aqui. A vis\u00e3o de neg\u00f3cio, a agilidade, buscando estabilidade na administra\u00e7\u00e3o, a garra e a fidelidade aos colaboradores, \u00e9 o que proporciona esta marca hist\u00f3rica\u201d, disse Fernando.&nbsp;<\/p>\n<p style=\"text-align: justify;\">Dentre os pronunciamentos, L\u00e9dia Braz, m\u00e3e de Braulio Braz, destacou a import\u00e2ncia da comemora\u00e7\u00e3o e agradeceu a presen\u00e7a de todos. \u201cPara n\u00f3s, fam\u00edlia, a data \u00e9 duplamente festiva, pois marca tamb\u00e9m o in\u00edcio da caminhada profissional do Braulio. H\u00e1 50 anos, o nosso filho, se lan\u00e7ava ao mercado de trabalho com muita garra, determina\u00e7\u00e3o e vontade de realizar seus sonhos. Sabemos que em toda hist\u00f3ria h\u00e1 personagens que fizeram ou fazem parte, e a\u00e7\u00f5es que s\u00e3o definidas pela \u00e9poca ou necessidade. Tudo isso foi essencial para que esta empresa pudesse, hoje, comemorar este significativo anivers\u00e1rio\u201d.<\/p>\n<p style=\"text-align: justify;\">Em seguida, Beth Braz, esposa de Braulio Braz, prestou sua homenagem. \u201cEsta data simboliza, al\u00e9m dos 50 anos da Lider, 47 anos que estou junto ao Braulio. V\u00e1rias crises foram enfrentadas, e, mesmo assim, ele nunca se deixou abater, sempre enfrentando as batalhas com a certeza da vit\u00f3ria. Me orgulho e muito de nossa hist\u00f3ria\u201d, disse Beth.&nbsp;<\/p>\n<p style=\"text-align: justify;\">O Diretor Executivo da Lider Chevrolet, Jo\u00e3o Batista, tamb\u00e9m proferiu seu agradecimento mencionando sua ascens\u00e3o desde que come\u00e7ou, jovem, ajudando a fam\u00edlia Braz a conduzir a empresa. \u201cNestes anos, trabalhando sob orienta\u00e7\u00e3o de uma diretoria competente e participativa, o m\u00e9rito dos objetivos alcan\u00e7ados \u00e9 de todos n\u00f3s. \u00c9 com satisfa\u00e7\u00e3o que comemoramos a 11\u00aa classifica\u00e7\u00e3o \u201cA\u201d, concedida pela GM. \u00c0 fam\u00edlia Braz, especialmente ao Braulio, o meu muito obrigado\u201d, destacou Jo\u00e3o Batista.&nbsp;<br \/>\n&nbsp;<br \/>\nAo longo destas cinco d\u00e9cadas de funda\u00e7\u00e3o, diante de ex\u00edmia atua\u00e7\u00e3o no mercado, a L\u00edder, acumulou ampla experi\u00eancia e um importante know how, que passou a ser par\u00e2metro em todas as empresas do Grupo L\u00edder. O padr\u00e3o administrativo, adquirido gra\u00e7as \u00e0 dedica\u00e7\u00e3o de Braulio Braz, tornou esta, e as demais concession\u00e1rias do Grupo, refer\u00eancia em qualidade no setor automotivo brasileiro.<\/p>\n<p style=\"text-align: justify;\">Veja mais na edi\u00e7\u00e3o 760 do jornal Folha do Sudeste<\/p>\n<p>[ngg_images source=&#8221;galleries&#8221; container_ids=&#8221;999&#8243; display_type=&#8221;photocrati-nextgen_basic_thumbnails&#8221; override_thumbnail_settings=&#8221;0&#8243; thumbnail_width=&#8221;100&#8243; thumbnail_height=&#8221;75&#8243; thumbnail_crop=&#8221;1&#8243; images_per_page=&#8221;0&#8243; number_of_columns=&#8221;0&#8243; ajax_pagination=&#8221;0&#8243; show_all_in_lightbox=&#8221;0&#8243; use_imagebrowser_effect=&#8221;0&#8243; show_slideshow_link=&#8221;1&#8243; slideshow_link_text=&#8221;[Show as slideshow]&#8221; order_by=&#8221;sortorder&#8221; order_direction=&#8221;ASC&#8221; returns=&#8221;included&#8221; maximum_entity_count=&#8221;500&#8243;]<\/p>\n<p style=\"text-align: justify;\">&nbsp;<\/p>\n","protected":false},"excerpt":{"rendered":"<p>Em comemora\u00e7\u00e3o aos 50 anos da Concession\u00e1ria Lider Chevrolet, de Muria\u00e9, no final de semana, o Grupo Lider, uma das maiores organiza\u00e7\u00f5es corporativas do pa\u00eds, promoveu uma s\u00e9rie de eventos voltados ao corpo administrativo e colaboradores. A cerim\u00f4nia foi marcada por um jantar e pronunciamentos sobre a trajet\u00f3ria do Grupo.&nbsp; Fundada pelo diligente empres\u00e1rio Jos\u00e9 [&hellip;]<\/p>\n","protected":false},"author":2,"featured_media":38687,"comment_status":"open","ping_status":"closed","sticky":false,"template":"","format":"standard","meta":{"_joinchat":[],"footnotes":""},"categories":[1],"tags":[],"class_list":["post-38686","post","type-post","status-publish","format-standard","has-post-thumbnail","hentry","category-sem-categoria"],"_links":{"self":[{"href":"http:\/\/folhadosudeste.com\/site\/index.php?rest_route=\/wp\/v2\/posts\/38686","targetHints":{"allow":["GET"]}}],"collection":[{"href":"http:\/\/folhadosudeste.com\/site\/index.php?rest_route=\/wp\/v2\/posts"}],"about":[{"href":"http:\/\/folhadosudeste.com\/site\/index.php?rest_route=\/wp\/v2\/types\/post"}],"author":[{"embeddable":true,"href":"http:\/\/folhadosudeste.com\/site\/index.php?rest_route=\/wp\/v2\/users\/2"}],"replies":[{"embeddable":true,"href":"http:\/\/folhadosudeste.com\/site\/index.php?rest_route=%2Fwp%2Fv2%2Fcomments&post=38686"}],"version-history":[{"count":3,"href":"http:\/\/folhadosudeste.com\/site\/index.php?rest_route=\/wp\/v2\/posts\/38686\/revisions"}],"predecessor-version":[{"id":38829,"href":"http:\/\/folhadosudeste.com\/site\/index.php?rest_route=\/wp\/v2\/posts\/38686\/revisions\/38829"}],"wp:featuredmedia":[{"embeddable":true,"href":"http:\/\/folhadosudeste.com\/site\/index.php?rest_route=\/wp\/v2\/media\/38687"}],"wp:attachment":[{"href":"http:\/\/folhadosudeste.com\/site\/index.php?rest_route=%2Fwp%2Fv2%2Fmedia&parent=38686"}],"wp:term":[{"taxonomy":"category","embeddable":true,"href":"http:\/\/folhadosudeste.com\/site\/index.php?rest_route=%2Fwp%2Fv2%2Fcategories&post=38686"},{"taxonomy":"post_tag","embeddable":true,"href":"http:\/\/folhadosudeste.com\/site\/index.php?rest_route=%2Fwp%2Fv2%2Ftags&post=38686"}],"curies":[{"name":"wp","href":"https:\/\/api.w.org\/{rel}","templated":true}]}}