{"id":38791,"date":"2017-06-02T14:46:05","date_gmt":"2017-06-02T14:46:05","guid":{"rendered":"http:\/\/folhadosudeste.com\/site\/?p=38791"},"modified":"2017-06-03T16:14:44","modified_gmt":"2017-06-03T16:14:44","slug":"encerramento-das-festividades-do-mes-de-maria-na-matriz-sao-paulo","status":"publish","type":"post","link":"http:\/\/folhadosudeste.com\/site\/?p=38791","title":{"rendered":"ENCERRAMENTO DAS FESTIVIDADES DO M\u00caS DE MARIA NA MATRIZ S\u00c3O PAULO"},"content":{"rendered":"<p style=\"text-align: justify;\"><a href=\"http:\/\/folhadosudeste.com\/site\/wp-content\/uploads\/2017\/06\/REZINHA.jpg\"><img loading=\"lazy\" decoding=\"async\" class=\"aligncenter size-full wp-image-38792\" src=\"http:\/\/folhadosudeste.com\/site\/wp-content\/uploads\/2017\/06\/REZINHA.jpg\" alt=\"\" width=\"620\" height=\"258\" srcset=\"http:\/\/folhadosudeste.com\/site\/wp-content\/uploads\/2017\/06\/REZINHA.jpg 620w, http:\/\/folhadosudeste.com\/site\/wp-content\/uploads\/2017\/06\/REZINHA-300x125.jpg 300w\" sizes=\"auto, (max-width: 620px) 100vw, 620px\" \/><\/a><\/p>\n<p style=\"text-align: justify;\">A Matriz S\u00e3o Paulo encerrou com chave de ouro, neste \u00faltimo final de semana, &nbsp;as Festividades do M\u00eas de Maria, a qual teve a participa\u00e7\u00e3o de um grande n\u00famero de fi\u00e9is, a colabora\u00e7\u00e3o dos comerciantes e variadas atividades promovidas, al\u00e9m das ora\u00e7\u00f5es e momentos de reflex\u00e3o. Segundo o P\u00e1roco, Pe. C\u00edcero Machado, a tradicional Festa da Rezinha \u00e9 feita em louvor a Nossa Senhora, todo m\u00eas de maio, na Par\u00f3quia S\u00e3o Paulo. Ele se alegra pela gra\u00e7a de ter uma equipe que considera muito boa, se unindo e trazendo muitas novidades, como a sexta-feira com m\u00fasica ao vivo e, no ano retrasado, a inaugura\u00e7\u00e3o da Quinta-Feira da Caridade. Em entrevista ao jornal Folha do Sudeste, ele falou um pouco do evento, dos trabalhos realizados e das pr\u00f3ximas datas comemorativas. &nbsp;A Igreja sempre foi muito bonita e agraciada. Parece que essa tradi\u00e7\u00e3o \u00e9 muito esperada. Vem toda fam\u00edlia, o bingo \u00e9 todo caritativo, n\u00e3o tem nada particular, pessoas se interagem entre eles e comigo. \u00c9 um momento que tenho a oportunidade de cumprimentar a todos. Durante a Rezinha tem coroa\u00e7\u00e3o, leil\u00f5es, bingos e come\u00e7a sempre no final de semana que antecede o dia 1\u00b0 de maio.Encerramos com Louvor a Maria, com uma grande Prociss\u00e3o e uma Missa muito festiva. Reunimos todos os fieis, de todas as comunidades, para fazer esse louvor. \u00c9 um momento de muita partilha e doa\u00e7\u00e3o. Todos os alimentos s\u00e3o doados e com esse dinheiro sustentamos nossas obras caritativas. Temos o COMVIDA, Pr\u00f3-Moradia, Casa Acolhedora e outros servi\u00e7os da Igreja. Somos 8 comunidades, al\u00e9m da Matriz, comunidades essas de pequeno, grande e m\u00e9dio porte, algumas com estruturas de par\u00f3quia, mas todas muito dedicadas para fazer tudo. Agora estamos preparando para a Festa de S\u00e3o Paulo, que ser\u00e3o 4 dias (quinta, sexta, s\u00e1bado e domingo). Todas as comunidades se reunir\u00e3o para fazer esse Louvor a S\u00e3o Paulo\u201d, explica.<\/p>\n<p style=\"text-align: justify;\">Veja mais na edi\u00e7\u00e3o 760 do jornal Folha do Sudeste<\/p>\n<p>[ngg_images source=&#8221;galleries&#8221; container_ids=&#8221;1002&#8243; display_type=&#8221;photocrati-nextgen_basic_thumbnails&#8221; override_thumbnail_settings=&#8221;0&#8243; thumbnail_width=&#8221;100&#8243; thumbnail_height=&#8221;75&#8243; thumbnail_crop=&#8221;1&#8243; images_per_page=&#8221;0&#8243; number_of_columns=&#8221;0&#8243; ajax_pagination=&#8221;0&#8243; show_all_in_lightbox=&#8221;0&#8243; use_imagebrowser_effect=&#8221;0&#8243; show_slideshow_link=&#8221;1&#8243; slideshow_link_text=&#8221;[Show as slideshow]&#8221; order_by=&#8221;sortorder&#8221; order_direction=&#8221;ASC&#8221; returns=&#8221;included&#8221; maximum_entity_count=&#8221;500&#8243;]<\/p>\n<p style=\"text-align: justify;\">&nbsp;<\/p>\n","protected":false},"excerpt":{"rendered":"<p>A Matriz S\u00e3o Paulo encerrou com chave de ouro, neste \u00faltimo final de semana, &nbsp;as Festividades do M\u00eas de Maria, a qual teve a participa\u00e7\u00e3o de um grande n\u00famero de fi\u00e9is, a colabora\u00e7\u00e3o dos comerciantes e variadas atividades promovidas, al\u00e9m das ora\u00e7\u00f5es e momentos de reflex\u00e3o. Segundo o P\u00e1roco, Pe. C\u00edcero Machado, a tradicional Festa [&hellip;]<\/p>\n","protected":false},"author":2,"featured_media":38792,"comment_status":"open","ping_status":"closed","sticky":false,"template":"","format":"standard","meta":{"_joinchat":[],"footnotes":""},"categories":[1],"tags":[],"class_list":["post-38791","post","type-post","status-publish","format-standard","has-post-thumbnail","hentry","category-sem-categoria"],"_links":{"self":[{"href":"http:\/\/folhadosudeste.com\/site\/index.php?rest_route=\/wp\/v2\/posts\/38791","targetHints":{"allow":["GET"]}}],"collection":[{"href":"http:\/\/folhadosudeste.com\/site\/index.php?rest_route=\/wp\/v2\/posts"}],"about":[{"href":"http:\/\/folhadosudeste.com\/site\/index.php?rest_route=\/wp\/v2\/types\/post"}],"author":[{"embeddable":true,"href":"http:\/\/folhadosudeste.com\/site\/index.php?rest_route=\/wp\/v2\/users\/2"}],"replies":[{"embeddable":true,"href":"http:\/\/folhadosudeste.com\/site\/index.php?rest_route=%2Fwp%2Fv2%2Fcomments&post=38791"}],"version-history":[{"count":3,"href":"http:\/\/folhadosudeste.com\/site\/index.php?rest_route=\/wp\/v2\/posts\/38791\/revisions"}],"predecessor-version":[{"id":38832,"href":"http:\/\/folhadosudeste.com\/site\/index.php?rest_route=\/wp\/v2\/posts\/38791\/revisions\/38832"}],"wp:featuredmedia":[{"embeddable":true,"href":"http:\/\/folhadosudeste.com\/site\/index.php?rest_route=\/wp\/v2\/media\/38792"}],"wp:attachment":[{"href":"http:\/\/folhadosudeste.com\/site\/index.php?rest_route=%2Fwp%2Fv2%2Fmedia&parent=38791"}],"wp:term":[{"taxonomy":"category","embeddable":true,"href":"http:\/\/folhadosudeste.com\/site\/index.php?rest_route=%2Fwp%2Fv2%2Fcategories&post=38791"},{"taxonomy":"post_tag","embeddable":true,"href":"http:\/\/folhadosudeste.com\/site\/index.php?rest_route=%2Fwp%2Fv2%2Ftags&post=38791"}],"curies":[{"name":"wp","href":"https:\/\/api.w.org\/{rel}","templated":true}]}}