{"id":38840,"date":"2017-06-06T17:46:22","date_gmt":"2017-06-06T17:46:22","guid":{"rendered":"http:\/\/folhadosudeste.com\/site\/?p=38840"},"modified":"2017-06-06T17:46:22","modified_gmt":"2017-06-06T17:46:22","slug":"prefeitura-realiza-parceria-com-sebrae-para-incentivar-empreendedorismo-na-cidade","status":"publish","type":"post","link":"http:\/\/folhadosudeste.com\/site\/?p=38840","title":{"rendered":"PREFEITURA REALIZA PARCERIA COM SEBRAE PARA INCENTIVAR EMPREENDEDORISMO NA CIDADE"},"content":{"rendered":"<p style=\"text-align: center;\"><a href=\"http:\/\/folhadosudeste.com\/site\/wp-content\/uploads\/2017\/06\/Sala-Mineira-do-Empreendedor.1-1.jpg\"><img loading=\"lazy\" decoding=\"async\" class=\"aligncenter wp-image-38841 size-full\" src=\"http:\/\/folhadosudeste.com\/site\/wp-content\/uploads\/2017\/06\/Sala-Mineira-do-Empreendedor.1-1.jpg\" alt=\"\" width=\"1032\" height=\"581\" srcset=\"http:\/\/folhadosudeste.com\/site\/wp-content\/uploads\/2017\/06\/Sala-Mineira-do-Empreendedor.1-1.jpg 1032w, http:\/\/folhadosudeste.com\/site\/wp-content\/uploads\/2017\/06\/Sala-Mineira-do-Empreendedor.1-1-300x169.jpg 300w, http:\/\/folhadosudeste.com\/site\/wp-content\/uploads\/2017\/06\/Sala-Mineira-do-Empreendedor.1-1-768x432.jpg 768w, http:\/\/folhadosudeste.com\/site\/wp-content\/uploads\/2017\/06\/Sala-Mineira-do-Empreendedor.1-1-1024x576.jpg 1024w\" sizes=\"auto, (max-width: 1032px) 100vw, 1032px\" \/><\/a><\/p>\n<p style=\"text-align: center;\"><em>\u201cSala Mineira do Empreendedor\u201d vai tirar d\u00favidas e auxiliar muriaeenses a montarem o pr\u00f3prio neg\u00f3cio<\/em><\/p>\n<p style=\"text-align: justify;\">Muria\u00e9 recebe, pela primeira vez, a Sala Mineira do Empreendedor, projeto que vai incentivar os muriaeenses a montarem seus pr\u00f3prios neg\u00f3cios e tirar d\u00favidas sobre suas atividades. O contrato foi assinado entre a Prefeitura de Muria\u00e9 e Sebrae Minas, na \u00faltima quinta (01) no Pa\u00e7o Municipal. A nova Sala funcionar\u00e1 no <strong>CD Moda,&nbsp;<\/strong>juntamente com o programa Minas F\u00e1cil, na Rua Sinval Flor\u00eancio da Silva, 02 \u2013 Centro (ao lado do Mercado Produtor).<\/p>\n<p style=\"text-align: justify;\">A Sala Mineira do Empreendedor ser\u00e1 uma parceria entre a Prefeitura e o Sebrae, tendo como intermedi\u00e1ria a Junta Comercial do Estado de Minas Gerais (JUCEMG) e o Minas F\u00e1cil. \u201cEsperamos contribuir com as pessoas que queiram iniciar uma pequena empresa, ter o seu pr\u00f3prio neg\u00f3cio, desenvolvendo e gerando renda para nossa cidade\u201d, explicou o secret\u00e1rio de Rela\u00e7\u00f5es Institucionais e Desenvolvimento Econ\u00f4mico, Carlos Magno.<\/p>\n<p style=\"text-align: justify;\">Para o prefeito Grego, ser\u00e1 uma maneira de auxiliar o desenvolvimento da cidade, gerando mais renda e emprego para os muriaeenses. \u201cFicamos felizes quando uma pessoa toma uma iniciativa de montar o seu pr\u00f3prio neg\u00f3cio. Quanto mais empresas, mais trabalho, e menos desemprego. Trabalhamos para facilitar a abertura de novos neg\u00f3cios, pois assim Muria\u00e9 cresce e constru\u00edmos, juntos, um novo caminho\u201d, concluiu o prefeito.<\/p>\n<table>\n<tbody>\n<tr>\n<td width=\"574\"><strong>&nbsp;<\/strong><\/p>\n<p><strong>SALA DO EMPREENDEDOR + MINAS F\u00c1CIL<\/strong><\/p>\n<p>(Prefeitura de Muria\u00e9 \/ Sebrae)<\/td>\n<\/tr>\n<tr>\n<td width=\"574\"><strong>Novo endere\u00e7o<\/strong>:<\/p>\n<p>Rua Sinval Flor\u00eancio da Silva, 02 \u2013 Centro (Mercado Produtor)<\/td>\n<\/tr>\n<tr>\n<td width=\"574\">&nbsp;<\/p>\n<p><strong>Tel.: 3728 &#8211; 5593<\/strong><\/td>\n<\/tr>\n<\/tbody>\n<\/table>\n","protected":false},"excerpt":{"rendered":"<p>\u201cSala Mineira do Empreendedor\u201d vai tirar d\u00favidas e auxiliar muriaeenses a montarem o pr\u00f3prio neg\u00f3cio Muria\u00e9 recebe, pela primeira vez, a Sala Mineira do Empreendedor, projeto que vai incentivar os muriaeenses a montarem seus pr\u00f3prios neg\u00f3cios e tirar d\u00favidas sobre suas atividades. O contrato foi assinado entre a Prefeitura de Muria\u00e9 e Sebrae Minas, na [&hellip;]<\/p>\n","protected":false},"author":6,"featured_media":38841,"comment_status":"open","ping_status":"closed","sticky":false,"template":"","format":"standard","meta":{"_joinchat":[],"footnotes":""},"categories":[1],"tags":[],"class_list":["post-38840","post","type-post","status-publish","format-standard","has-post-thumbnail","hentry","category-sem-categoria"],"_links":{"self":[{"href":"http:\/\/folhadosudeste.com\/site\/index.php?rest_route=\/wp\/v2\/posts\/38840","targetHints":{"allow":["GET"]}}],"collection":[{"href":"http:\/\/folhadosudeste.com\/site\/index.php?rest_route=\/wp\/v2\/posts"}],"about":[{"href":"http:\/\/folhadosudeste.com\/site\/index.php?rest_route=\/wp\/v2\/types\/post"}],"author":[{"embeddable":true,"href":"http:\/\/folhadosudeste.com\/site\/index.php?rest_route=\/wp\/v2\/users\/6"}],"replies":[{"embeddable":true,"href":"http:\/\/folhadosudeste.com\/site\/index.php?rest_route=%2Fwp%2Fv2%2Fcomments&post=38840"}],"version-history":[{"count":1,"href":"http:\/\/folhadosudeste.com\/site\/index.php?rest_route=\/wp\/v2\/posts\/38840\/revisions"}],"predecessor-version":[{"id":38842,"href":"http:\/\/folhadosudeste.com\/site\/index.php?rest_route=\/wp\/v2\/posts\/38840\/revisions\/38842"}],"wp:featuredmedia":[{"embeddable":true,"href":"http:\/\/folhadosudeste.com\/site\/index.php?rest_route=\/wp\/v2\/media\/38841"}],"wp:attachment":[{"href":"http:\/\/folhadosudeste.com\/site\/index.php?rest_route=%2Fwp%2Fv2%2Fmedia&parent=38840"}],"wp:term":[{"taxonomy":"category","embeddable":true,"href":"http:\/\/folhadosudeste.com\/site\/index.php?rest_route=%2Fwp%2Fv2%2Fcategories&post=38840"},{"taxonomy":"post_tag","embeddable":true,"href":"http:\/\/folhadosudeste.com\/site\/index.php?rest_route=%2Fwp%2Fv2%2Ftags&post=38840"}],"curies":[{"name":"wp","href":"https:\/\/api.w.org\/{rel}","templated":true}]}}