{"id":38885,"date":"2017-06-07T17:36:43","date_gmt":"2017-06-07T17:36:43","guid":{"rendered":"http:\/\/folhadosudeste.com\/site\/?p=38885"},"modified":"2017-06-07T20:39:26","modified_gmt":"2017-06-07T20:39:26","slug":"fundacao-cristiano-varella-participa-de-debate-na-camara-dos-deputados-sobre-desafios-para-combate-ao-cancer","status":"publish","type":"post","link":"http:\/\/folhadosudeste.com\/site\/?p=38885","title":{"rendered":"FUNDA\u00c7\u00c3O CRISTIANO VARELLA PARTICIPA DE DEBATE NA C\u00c2MARA DOS DEPUTADOS SOBRE DESAFIOS PARA COMBATE AO C\u00c2NCER"},"content":{"rendered":"<p style=\"text-align: justify;\"><a href=\"http:\/\/folhadosudeste.com\/site\/wp-content\/uploads\/2017\/06\/ministro-e-sergio.jpeg\"><img loading=\"lazy\" decoding=\"async\" class=\"aligncenter wp-image-38886 size-full\" src=\"http:\/\/folhadosudeste.com\/site\/wp-content\/uploads\/2017\/06\/ministro-e-sergio.jpeg\" alt=\"\" width=\"800\" height=\"532\" srcset=\"http:\/\/folhadosudeste.com\/site\/wp-content\/uploads\/2017\/06\/ministro-e-sergio.jpeg 800w, http:\/\/folhadosudeste.com\/site\/wp-content\/uploads\/2017\/06\/ministro-e-sergio-300x200.jpeg 300w, http:\/\/folhadosudeste.com\/site\/wp-content\/uploads\/2017\/06\/ministro-e-sergio-768x511.jpeg 768w\" sizes=\"auto, (max-width: 800px) 100vw, 800px\" \/><\/a><\/p>\n<p style=\"text-align: justify;\">A Funda\u00e7\u00e3o Cristiano Varella foi representada, atrav\u00e9s de seu diretor administrativo, S\u00e9rgio Dias Henriques, nesta ter\u00e7a-feira (06), em um debate realizado no plen\u00e1rio da C\u00e2mara dos Deputados, em Bras\u00edlia\/DF. Ocasi\u00e3o em que foram apontados assuntos relacionados aos desafios enfrentados no pa\u00eds para o combate ao c\u00e2ncer. Preven\u00e7\u00e3o, diagn\u00f3stico, acesso ao tratamento e o financiamento foram alguns dos itens abordados. A proposta do debate foi uma iniciativa do deputado Caio Narcio (PSDB\/MG), que j\u00e1 perdeu familiares para a doen\u00e7a.<\/p>\n<p style=\"text-align: justify;\">S\u00e9rgio Dias Henriques, diretor administrativo do Hospital do C\u00e2ncer de Muria\u00e9 da Funda\u00e7\u00e3o Cristiano Varella durante seu discurso apontou algumas dificuldades enfrentadas pelos pacientes que sofrem com o c\u00e2ncer ao procurar tratamento para doen\u00e7a nos hospitais Brasil afora. S\u00e9rgio destacou a cruel corrida contra o tempo que \u00e9 quest\u00e3o de vida ou morte para essas pessoas. Tamb\u00e9m lembrou as longas filas encontradas por esses pacientes para conseguir acesso a exames, bi\u00f3psias, cirurgias, quimioterapia, radioterapia e outros. Ele aproveitou ainda o espa\u00e7o para relatar que o sistema padece com recursos obsoletos e tabelas de pre\u00e7os que n\u00e3o s\u00e3o reajustadas h\u00e1 mais de dez anos.<\/p>\n<p style=\"text-align: justify;\">\u201cComo discutir a incorpora\u00e7\u00e3o de novas tecnologias nesse cen\u00e1rio? O tratamento avan\u00e7a, com novas tecnologias e maiores chances de cura, mas ainda atrelados a custos astron\u00f4micos, o que faz com que muitas vezes o acesso ocorra por determina\u00e7\u00e3o judicial\u201d, afirmou S\u00e9rgio.<\/p>\n<p style=\"text-align: justify;\">O ministro da Sa\u00fade, Ricardo Barros, que estava presente no debate admitiu que o Brasil n\u00e3o disp\u00f5e de recursos para dar tratamento para todos os brasileiros como deveria. Segundo ele, as novas tecnologias e os tratamentos individualizados s\u00e3o muito caros, mas ressaltou que o pa\u00eds tem buscado outros caminhos, seja pelo investimento em preven\u00e7\u00e3o ou pelo barateamento da produ\u00e7\u00e3o de medicamentos.<\/p>\n<p style=\"text-align: justify;\">\u201cEconomizamos R$ 3,2 bilh\u00f5es neste primeiro ano de gest\u00e3o, praticamente reduzindo pre\u00e7o de medicamento. Quanto mais barato, mais acesso damos \u00e0s pessoas. Precisamos resistir \u00e0 press\u00e3o da ind\u00fastria farmac\u00eautica em descontinuar a produ\u00e7\u00e3o de medicamentos baratos\u201d, disse o ministro.<\/p>\n<p style=\"text-align: justify;\"><strong>N\u00fameros do c\u00e2ncer no Brasil <\/strong><\/p>\n<p style=\"text-align: justify;\">Segundo o Instituto Nacional de C\u00e2ncer (Inca), em 2016 e 2017, aproximadamente 600 mil pessoas desenvolver\u00e3o algum tipo de c\u00e2ncer no Brasil, dos quais cerca de 180 mil ser\u00e3o de pele, 61 mil de pr\u00f3stata e 58 mil de mama. Segundo a Organiza\u00e7\u00e3o Mundial da Sa\u00fade (OMS), o c\u00e2ncer \u00e9 respons\u00e1vel por uma em cada seis mortes no mundo<\/p>\n<p style=\"text-align: justify;\">Ainda de acordo com a OMS, no mundo a cada ano, 8,8 milh\u00f5es de pessoas morrem de c\u00e2ncer. O principal problema, segundo a entidade, \u00e9 a demora no diagn\u00f3stico da doen\u00e7a. Por isso, a OMS afirma que \u00e9 necess\u00e1rio investir em equipamentos m\u00e9dicos, no fortalecimento dos servi\u00e7os de sa\u00fade e no treinamento de profissionais da sa\u00fade para que eles possam realizar diagn\u00f3sticos apurados rapidamente.<\/p>\n<p style=\"text-align: justify;\">Al\u00e9m disso, tamb\u00e9m \u00e9 preciso garantir que as pessoas vivendo com c\u00e2ncer tenham acesso a tratamento seguro e efetivo. Os diagn\u00f3sticos precoces, ressalta o Inca, podem aumentar a possibilidade de cura para alguns c\u00e2nceres e reduzir a morbidade resultante da doen\u00e7a e de seu tratamento.<\/p>\n<p style=\"text-align: justify;\"><strong>Fonte: C\u00e2mara dos Deputados\/INCA<\/strong><\/p>\n","protected":false},"excerpt":{"rendered":"<p>A Funda\u00e7\u00e3o Cristiano Varella foi representada, atrav\u00e9s de seu diretor administrativo, S\u00e9rgio Dias Henriques, nesta ter\u00e7a-feira (06), em um debate realizado no plen\u00e1rio da C\u00e2mara dos Deputados, em Bras\u00edlia\/DF. Ocasi\u00e3o em que foram apontados assuntos relacionados aos desafios enfrentados no pa\u00eds para o combate ao c\u00e2ncer. Preven\u00e7\u00e3o, diagn\u00f3stico, acesso ao tratamento e o financiamento foram [&hellip;]<\/p>\n","protected":false},"author":6,"featured_media":38886,"comment_status":"open","ping_status":"closed","sticky":false,"template":"","format":"standard","meta":{"_joinchat":[],"footnotes":""},"categories":[1],"tags":[],"class_list":["post-38885","post","type-post","status-publish","format-standard","has-post-thumbnail","hentry","category-sem-categoria"],"_links":{"self":[{"href":"http:\/\/folhadosudeste.com\/site\/index.php?rest_route=\/wp\/v2\/posts\/38885","targetHints":{"allow":["GET"]}}],"collection":[{"href":"http:\/\/folhadosudeste.com\/site\/index.php?rest_route=\/wp\/v2\/posts"}],"about":[{"href":"http:\/\/folhadosudeste.com\/site\/index.php?rest_route=\/wp\/v2\/types\/post"}],"author":[{"embeddable":true,"href":"http:\/\/folhadosudeste.com\/site\/index.php?rest_route=\/wp\/v2\/users\/6"}],"replies":[{"embeddable":true,"href":"http:\/\/folhadosudeste.com\/site\/index.php?rest_route=%2Fwp%2Fv2%2Fcomments&post=38885"}],"version-history":[{"count":2,"href":"http:\/\/folhadosudeste.com\/site\/index.php?rest_route=\/wp\/v2\/posts\/38885\/revisions"}],"predecessor-version":[{"id":38951,"href":"http:\/\/folhadosudeste.com\/site\/index.php?rest_route=\/wp\/v2\/posts\/38885\/revisions\/38951"}],"wp:featuredmedia":[{"embeddable":true,"href":"http:\/\/folhadosudeste.com\/site\/index.php?rest_route=\/wp\/v2\/media\/38886"}],"wp:attachment":[{"href":"http:\/\/folhadosudeste.com\/site\/index.php?rest_route=%2Fwp%2Fv2%2Fmedia&parent=38885"}],"wp:term":[{"taxonomy":"category","embeddable":true,"href":"http:\/\/folhadosudeste.com\/site\/index.php?rest_route=%2Fwp%2Fv2%2Fcategories&post=38885"},{"taxonomy":"post_tag","embeddable":true,"href":"http:\/\/folhadosudeste.com\/site\/index.php?rest_route=%2Fwp%2Fv2%2Ftags&post=38885"}],"curies":[{"name":"wp","href":"https:\/\/api.w.org\/{rel}","templated":true}]}}