{"id":38888,"date":"2017-06-07T18:31:59","date_gmt":"2017-06-07T18:31:59","guid":{"rendered":"http:\/\/folhadosudeste.com\/site\/?p=38888"},"modified":"2017-06-07T18:32:37","modified_gmt":"2017-06-07T18:32:37","slug":"38888","status":"publish","type":"post","link":"http:\/\/folhadosudeste.com\/site\/?p=38888","title":{"rendered":"OCORR\u00caNCIAS DE DESTAQUE"},"content":{"rendered":"<p style=\"text-align: justify;\"><a href=\"http:\/\/folhadosudeste.com\/site\/wp-content\/uploads\/2017\/06\/policia-sirene.jpg\"><img loading=\"lazy\" decoding=\"async\" class=\"aligncenter wp-image-38890 size-full\" src=\"http:\/\/folhadosudeste.com\/site\/wp-content\/uploads\/2017\/06\/policia-sirene.jpg\" alt=\"\" width=\"2592\" height=\"1936\" srcset=\"http:\/\/folhadosudeste.com\/site\/wp-content\/uploads\/2017\/06\/policia-sirene.jpg 2592w, http:\/\/folhadosudeste.com\/site\/wp-content\/uploads\/2017\/06\/policia-sirene-300x224.jpg 300w, http:\/\/folhadosudeste.com\/site\/wp-content\/uploads\/2017\/06\/policia-sirene-768x574.jpg 768w, http:\/\/folhadosudeste.com\/site\/wp-content\/uploads\/2017\/06\/policia-sirene-1024x765.jpg 1024w\" sizes=\"auto, (max-width: 2592px) 100vw, 2592px\" \/><\/a><\/p>\n<p style=\"text-align: justify;\"><strong>VEICULO LOCALIZADO \/ RECUPERADO<\/strong><\/p>\n<p style=\"text-align: justify;\"><strong>AUTORES:<\/strong> homem, 41 ANOS homem, 24 ANOS mulher, 25 ANOS<\/p>\n<p style=\"text-align: justify;\">Na data de 06\/07\/17, por volta das 07:00 horas, no bairro Givisiez, na cidade de Divino, militares receberam den\u00fancia dando conta de que um ve\u00edculo estaria transitando no endere\u00e7o citado, nas proximidades do Hotel Breder, em atitude suspeita com tr\u00eas indiv\u00edduos no seu interior, o qual passava por v\u00e1rias ruas e parava para observar os com\u00e9rcios e bancos da cidade. Diante da den\u00fancia, deslocaram para o local, onde depararam com o ve\u00edculo Fiat\/Strada, de cor vermelha, citado na den\u00fancia, parado em frente ao referido hotel, ainda com o motor quente. Ao ser pesquisada a placa do ve\u00edculo, foi constatado que tratava-se de um ve\u00edculo Fiat\/Premio, de cor verde, emplacado no munic\u00edpio de Manhumirim\/MG, e que o ve\u00edculo Fiat\/Strada localizado estava com a numera\u00e7\u00e3o do chassi adulterado\/raspado, n\u00e3o sendo a placa verdadeira do ve\u00edculo. Ato cont\u00ednuo foi realizado rastreamento no intuito de localizar os indiv\u00edduos que transitavam no ve\u00edculo, tendo os militares sido informados que estes se encontravam hospedados naquele hotel. As testemunhas arroladas que trabalham no hotel, relataram que os tr\u00eas indiv\u00edduos chegaram naquele hotel na data de 03\/06\/17, de madrugada, e ficaram hospedados at\u00e9 o momento da chegada dos policiais. Na ocasi\u00e3o os militares depararam com a porta do quarto aberta, tendo o autor franqueado a entrada na presen\u00e7a da testemunha, relatando que os autores se encontravam no banheiro do hotel. O autor relatou que desconhece de quem \u00e9 o ve\u00edculo no qual transitavam, dizendo apenas que dirigiu o referido autom\u00f3vel algumas vezes, por\u00e9m n\u00e3o sabia a origem deste. J\u00e1 o autor disse que transitou no ve\u00edculo por\u00e9m n\u00e3o sabia a origem do ve\u00edculo e nem quem seria o propriet\u00e1rio. A autora reportou que transitou no ve\u00edculo da cidade de Espera Feliz para aquela cidade, todavia n\u00e3o sabia quem conduziu o ve\u00edculo e nem mesmo quem seria o propriet\u00e1rio. No interior do quarto onde os autores encontravam-se hospedados, foi encontrada a chave do ve\u00edculo Fiat\/Strada, de cor vermelha, com a placa sobre a cama. Os autores relataram ainda que residem no munic\u00edpio de Espera Feliz\/MG e que estavam na cidade de Divino a passeio. Ante aos fatos, foi dada voz de pris\u00e3o em flagrante delito aos autores, uma vez que todos transitavam no ve\u00edculo Fiat\/Strada, por\u00e9m nenhum disse quem seria o propriet\u00e1rio ou respons\u00e1vel pelo ve\u00edculo. Foram levantados pelos militares atrav\u00e9s de consulta pelo n\u00famero final do chassi, pr\u00f3ximo ao motor, que a Fiat\/Strada fora roubada na Fazenda do C\u00e9u, zona rural de Santa Clara, distrito de Porci\u00fancula\/RJ, no dia 01\/06\/2017, e a rota de fuga dos autores no dia dos fatos foi sentido \u00e0s cidades de Carangola e Caiana\/MG. Na posse do autor foi encontrado o documento de uma motocicleta Honda\/Twister, de cor vermelha, de Belo Horizonte. Em contato telef\u00f4nico com a v\u00edtima do roubo da Fiat\/Strada, esta relatou que os autores estavam em uma motocicleta de cor vermelha, baixa, podendo perfeitamente ser uma Honda\/Twister. Afirmou ainda que o garupa, no dia dos fatos, portava uma arma de fogo, e tinha caracter\u00edsticas id\u00eanticas \u00e0 do autor. Na carroceria da Fiat\/Strada haviam gr\u00e3os de caf\u00e9, e na cidade de Espera Feliz houve um furto de gr\u00e3os de caf\u00e9. Ressalta-se tamb\u00e9m que houve v\u00e1rios furtos de caf\u00e9 em gr\u00e3os, diretamente do p\u00e9, no per\u00edodo noturno, recentemente na cidade de Divino e no dia 09\/01\/2017 houve um roubo no C\u00f3rrego dos Alves, zona rural de Divino, e um dos autores tinha as caracter\u00edsticas semelhantes ao autor. Os autores n\u00e3o souberam e n\u00e3o quiseram revelar a origem do dinheiro apreendido, estavam tamb\u00e9m com pap\u00e9is que demonstram responderem por crime de furto qualificado na cidade de Natividade\/RJ e tem passagem por crimes contra o patrim\u00f4nio.<\/p>\n<p style=\"text-align: justify;\">&nbsp;<\/p>\n<p style=\"text-align: justify;\"><strong>TRAFICO IL\u00cdCITO DE ENTORPECENTES<\/strong><\/p>\n<p style=\"text-align: justify;\"><strong>AUTOR: <\/strong>homem, 19 ANOS<\/p>\n<p style=\"text-align: justify;\">Na data de 06\/06\/17, por volta das 15:50, no bairro Carreiros, em Miradouro, militares em cumprimento ao mandado de busca e apreens\u00e3o, militares diligenciaram at\u00e9 a resid\u00eancia do autor. Em contato com esta iniciaram as busca pela resid\u00eancia, sendo que foi encontrado pelo sd Xavier dentro do c\u00f4modo que seria um banheiro, mais precisamente dentro de um ralo, tr\u00eas embalagens, sendo que uma encontrava-se com 16 papelotes de subst\u00e2ncias an\u00e1logas a coca\u00edna, a outra com 24 pedras de subst\u00e2ncias an\u00e1loga ao crack, e, por fim, uma outra com 8 barras pequenas prensadas de subst\u00e2ncias an\u00e1logas a maconha. Diante disso, foi dada voz de pris\u00e3o em flagrante delito ao autor por tr\u00e1fico il\u00edcito de drogas, foram apreendidos 02 telefones celulares, um cord\u00e3o de prata com um pingente com a letra \u201cm\u201d de proced\u00eancia duvidosa.O autor foi conduzido \u00e0 depol, juntamente com os materiais apreendidos<\/p>\n<p style=\"text-align: justify;\">&nbsp;<\/p>\n<p style=\"text-align: justify;\"><strong>TRAFICO IL\u00cdCITO DE ENTORPECENTES<\/strong><\/p>\n<p style=\"text-align: justify;\"><strong>AUTOR:<\/strong> homem, 41 ANOS<\/p>\n<p style=\"text-align: justify;\">Na data de 06\/06\/17, por volta das 16:10 horas, no bairro Carreiros, na cidade de Miradouro, durante patrulhamento pelo endere\u00e7o citado, militares avistaram o nacional, o qual foi perseguido e abordado, momento em que jogou em um matagal de bambu\u00ed, um material aparentando ser drogas, sendo v\u00e1rios inv\u00f3lucros, sendo dado busca pessoal, mas j\u00e1 n\u00e3o foi encontrado consigo. Foi feito a vistoria nas imedia\u00e7\u00f5es e encontrado 08 (oito) papelotes de entorpecente aparentando coca\u00edna. Diante do fato foi dada voz de pris\u00e3o em flagrante delito ao autor pelo crime de tr\u00e1fico de drogas.<\/p>\n<p style=\"text-align: justify;\">&nbsp;<\/p>\n<p style=\"text-align: justify;\"><strong>VEICULO LOCALIZADO<\/strong><\/p>\n<p style=\"text-align: justify;\">Na data de 06\/06\/17, por volta das 18:56 horas, na barra, na cidade de Muria\u00e9, solicitante relatou que \u00e9 possuidora de algumas garagens que s\u00e3o alugadas para alguns clientes, que ela possui o controle nominal deles, por\u00e9m na referida data, pela parte da manh\u00e3, constatou que havia um ve\u00edculo estacionado na garagem de n\u00ba 04, que n\u00e3o est\u00e1 alugada para ningu\u00e9m. sendo um Toyota\/carola de cor azul; realizado uma consulta no sistema informatizado \u201cisp\u201d sendo constatado que a placa de identifica\u00e7\u00e3o era de outro ve\u00edculo da mesma marca, por\u00e9m a tarjeta de identifica\u00e7\u00e3o consta como a cidade de S\u00e3o Paulo e os dois \u00faltimos numerais que est\u00e3o nos vidros n\u00e3o conferem. Ao ser consultado atrav\u00e9s dos n\u00fameros do chassi, confirmou sendo um ve\u00edculo Toyota\/corolla de cor azul, placa-Al\u00e9m Para\u00edba mg, ano 2008, modelo 2009, que foi sinalizado como ve\u00edculo de furto\/roubo pelo sistema \u201disp\u201d. o ve\u00edculo apreendido e removido para o p\u00e1tio plantonista marielen de Muria\u00e9 ltda.<\/p>\n<p style=\"text-align: justify;\">&nbsp;<\/p>\n<p style=\"text-align: justify;\"><strong>PORTE ILEGAL ARMA DE FOGO\/ ACESS\u00d3RIO\/ MUNI\u00c7\u00c3O DE USO PERMITIDO<\/strong><\/p>\n<p style=\"text-align: justify;\"><strong>AUTORES:<\/strong> homem, 23 ANOS homem, 21 ANOS<\/p>\n<p style=\"text-align: justify;\">Na data de 06\/06\/17, por volta das 22:03 horas, no bairro Aeroporto, na cidade de Muria\u00e9. Ao realizar patrulhamento, deparou com uma motocicleta honda xre na cor preta pilotada por um indiv\u00edduo magro, de camisa preta e bermuda branca que, assim que visualizou a guarni\u00e7\u00e3o policial empreendeu fuga sentido \u00e0 rua Te\u00f3filo Tostes no bairro Uni\u00e3o. Iniciada persegui\u00e7\u00e3o, acionado o cerco e bloqueio atrav\u00e9s da rede de r\u00e1dio, as guarni\u00e7\u00f5es do CPU, T\u00e1tico M\u00f3vel e GEPMOR lograram \u00eaxito em localizar a referida motocicleta, ainda com motor quente e chave na igni\u00e7\u00e3o, parada pela rua Santos Dumont no bairro Aeroporto, sendo que os conduzidos, devidamente qualificados em campo pr\u00f3prio, encontravam-se sentados pr\u00f3ximos \u00e0 referida motocicleta, estando o autor de posse de um capacete nas m\u00e3os. Questionados, o autor ( de 21 anos) confirmou que teria chegado a pouco na referida motocicleta xre preta e que seu capacete estava no guidom desta. Dada a fundada suspeita de que os conduzidos haviam dispensado algum material il\u00edcito, foi procedida uma varredura nas proximidades da pista de pouso do Aeroporto, sendo localizada uma mochila com forte odor de coca\u00edna, contendo em seu interior materiais diversos para endolar a referida droga descritos em campo pr\u00f3prio, uma pistola taurus modelo 58 no calibre. 380, carregada com 5 muni\u00e7\u00f5es de igual calibre, n\u00famero de s\u00e9rie koa38609 e uma garrucha marca rossi, calibre 22, municiada com uma muni\u00e7\u00e3o de igual calibre. O autor foi reconhecido como sendo o piloto que evadiu da guarni\u00e7\u00e3o do cpu, sendo a ele dado voz de pris\u00e3o em flagrante delito pelos crimes de dire\u00e7\u00e3o perigosa, desobedi\u00eancia e porte ilegal de arma de fogo e ao conduzido, que se fazia acompanhado do outro autor, pelo crime de porte ilegal de arma de fogo. A motocicleta honda xre preta foi apreendida e removida ao p\u00e1tio de plant\u00e3o. A motocicleta honda cg 150 cinzas, cuja posse estava com o autor tamb\u00e9m foi removida ao p\u00e1tio de plant\u00e3o.<\/p>\n","protected":false},"excerpt":{"rendered":"<p>VEICULO LOCALIZADO \/ RECUPERADO AUTORES: homem, 41 ANOS homem, 24 ANOS mulher, 25 ANOS Na data de 06\/07\/17, por volta das 07:00 horas, no bairro Givisiez, na cidade de Divino, militares receberam den\u00fancia dando conta de que um ve\u00edculo estaria transitando no endere\u00e7o citado, nas proximidades do Hotel Breder, em atitude suspeita com tr\u00eas indiv\u00edduos [&hellip;]<\/p>\n","protected":false},"author":6,"featured_media":38891,"comment_status":"open","ping_status":"closed","sticky":false,"template":"","format":"standard","meta":{"_joinchat":[],"footnotes":""},"categories":[1],"tags":[],"class_list":["post-38888","post","type-post","status-publish","format-standard","has-post-thumbnail","hentry","category-sem-categoria"],"_links":{"self":[{"href":"http:\/\/folhadosudeste.com\/site\/index.php?rest_route=\/wp\/v2\/posts\/38888","targetHints":{"allow":["GET"]}}],"collection":[{"href":"http:\/\/folhadosudeste.com\/site\/index.php?rest_route=\/wp\/v2\/posts"}],"about":[{"href":"http:\/\/folhadosudeste.com\/site\/index.php?rest_route=\/wp\/v2\/types\/post"}],"author":[{"embeddable":true,"href":"http:\/\/folhadosudeste.com\/site\/index.php?rest_route=\/wp\/v2\/users\/6"}],"replies":[{"embeddable":true,"href":"http:\/\/folhadosudeste.com\/site\/index.php?rest_route=%2Fwp%2Fv2%2Fcomments&post=38888"}],"version-history":[{"count":2,"href":"http:\/\/folhadosudeste.com\/site\/index.php?rest_route=\/wp\/v2\/posts\/38888\/revisions"}],"predecessor-version":[{"id":38893,"href":"http:\/\/folhadosudeste.com\/site\/index.php?rest_route=\/wp\/v2\/posts\/38888\/revisions\/38893"}],"wp:featuredmedia":[{"embeddable":true,"href":"http:\/\/folhadosudeste.com\/site\/index.php?rest_route=\/wp\/v2\/media\/38891"}],"wp:attachment":[{"href":"http:\/\/folhadosudeste.com\/site\/index.php?rest_route=%2Fwp%2Fv2%2Fmedia&parent=38888"}],"wp:term":[{"taxonomy":"category","embeddable":true,"href":"http:\/\/folhadosudeste.com\/site\/index.php?rest_route=%2Fwp%2Fv2%2Fcategories&post=38888"},{"taxonomy":"post_tag","embeddable":true,"href":"http:\/\/folhadosudeste.com\/site\/index.php?rest_route=%2Fwp%2Fv2%2Ftags&post=38888"}],"curies":[{"name":"wp","href":"https:\/\/api.w.org\/{rel}","templated":true}]}}