{"id":38894,"date":"2017-06-07T19:11:52","date_gmt":"2017-06-07T19:11:52","guid":{"rendered":"http:\/\/folhadosudeste.com\/site\/?p=38894"},"modified":"2017-06-07T20:38:00","modified_gmt":"2017-06-07T20:38:00","slug":"farmacias-de-muriae-ja-podem-funcionar-sem-restricao-de-horario","status":"publish","type":"post","link":"http:\/\/folhadosudeste.com\/site\/?p=38894","title":{"rendered":"FARM\u00c1CIAS DE MURIA\u00c9 J\u00c1 PODEM FUNCIONAR SEM RESTRI\u00c7\u00c3O DE HOR\u00c1RIO"},"content":{"rendered":"<p style=\"text-align: justify;\"><a href=\"http:\/\/folhadosudeste.com\/site\/wp-content\/uploads\/2017\/06\/IMG_5625.jpg\"><img loading=\"lazy\" decoding=\"async\" class=\"aligncenter wp-image-38895 size-full\" src=\"http:\/\/folhadosudeste.com\/site\/wp-content\/uploads\/2017\/06\/IMG_5625.jpg\" alt=\"\" width=\"900\" height=\"600\" srcset=\"http:\/\/folhadosudeste.com\/site\/wp-content\/uploads\/2017\/06\/IMG_5625.jpg 900w, http:\/\/folhadosudeste.com\/site\/wp-content\/uploads\/2017\/06\/IMG_5625-300x200.jpg 300w, http:\/\/folhadosudeste.com\/site\/wp-content\/uploads\/2017\/06\/IMG_5625-768x512.jpg 768w\" sizes=\"auto, (max-width: 900px) 100vw, 900px\" \/><\/a><\/p>\n<p style=\"text-align: justify;\"><i>Medida, que atende recomenda\u00e7\u00e3o do Minist\u00e9rio P\u00fablico, facilita busca por medicamentos na cidade<\/i><\/p>\n<p style=\"text-align: justify;\">Em atendimento a recomenda\u00e7\u00e3o do Minist\u00e9rio P\u00fablico de Minas Gerais, farm\u00e1cias e drogarias de Muria\u00e9 podem agora funcionar sem restri\u00e7\u00e3o de hor\u00e1rio. A norma come\u00e7ou a valer na \u00faltima segunda-feira (5), data de publica\u00e7\u00e3o do decreto regulamentando a quest\u00e3o.<\/p>\n<p style=\"text-align: justify;\">O documento anula artigo de outro decreto, publicado em 2010, que determinava hor\u00e1rios r\u00edgidos para o funcionamento dos estabelecimentos que n\u00e3o estivessem de plant\u00e3o. Com a medida, espera-se que os consumidores tenham mais benef\u00edcios ao buscar por medicamentos, levando em considera\u00e7\u00e3o fatores como pre\u00e7o e disponibilidade dos produtos, al\u00e9m de qualidade de atendimento a qualquer hora do dia.&nbsp; Vale lembrar ainda que o sistema de rod\u00edzio entre as farm\u00e1cias para cumprimento dos plant\u00f5es di\u00e1rios continua valendo, de acordo com o que determina a legisla\u00e7\u00e3o federal.<\/p>\n<p style=\"text-align: justify;\">&#8220;Na pr\u00e1tica, o que muda \u00e9 que agora as farm\u00e1cias passam a ter liberdade para criar seus pr\u00f3prios hor\u00e1rios. O decreto n\u00e3o obriga os estabelecimentos a funcionarem em tempo estendido ou integral, ele apenas permite que isso seja feito pelas drogarias que tiverem interesse em ficar mais horas com suas portas abertas ao p\u00fablico. Fica a crit\u00e9rio de cada uma\u201d, explica o prefeito Grego.<\/p>\n<p style=\"text-align: justify;\"><b>Reuni\u00e3o esclarece pontos relativos ao decreto<\/b><br \/>\nEm reuni\u00e3o realizada na manh\u00e3 desta quarta-feira no Centro Administrativo, foram esclarecidas quest\u00f5es referentes ao decreto, principalmente no que diz respeito ao hor\u00e1rio de funcionamento das farm\u00e1cias. O encontro teve a participa\u00e7\u00e3o do prefeito Grego, do secret\u00e1rio de Desenvolvimento Econ\u00f4mico, Carlos Magno de Oliveira, e do procurador jur\u00eddico da Prefeitura de Muria\u00e9, Ricardo Bersan, al\u00e9m de representantes da C\u00e2mara de Dirigentes Lojistas (CDL) e de drogarias da cidade.<\/p>\n","protected":false},"excerpt":{"rendered":"<p>Medida, que atende recomenda\u00e7\u00e3o do Minist\u00e9rio P\u00fablico, facilita busca por medicamentos na cidade Em atendimento a recomenda\u00e7\u00e3o do Minist\u00e9rio P\u00fablico de Minas Gerais, farm\u00e1cias e drogarias de Muria\u00e9 podem agora funcionar sem restri\u00e7\u00e3o de hor\u00e1rio. A norma come\u00e7ou a valer na \u00faltima segunda-feira (5), data de publica\u00e7\u00e3o do decreto regulamentando a quest\u00e3o. O documento anula [&hellip;]<\/p>\n","protected":false},"author":6,"featured_media":38895,"comment_status":"open","ping_status":"closed","sticky":false,"template":"","format":"standard","meta":{"_joinchat":[],"footnotes":""},"categories":[1],"tags":[],"class_list":["post-38894","post","type-post","status-publish","format-standard","has-post-thumbnail","hentry","category-sem-categoria"],"_links":{"self":[{"href":"http:\/\/folhadosudeste.com\/site\/index.php?rest_route=\/wp\/v2\/posts\/38894","targetHints":{"allow":["GET"]}}],"collection":[{"href":"http:\/\/folhadosudeste.com\/site\/index.php?rest_route=\/wp\/v2\/posts"}],"about":[{"href":"http:\/\/folhadosudeste.com\/site\/index.php?rest_route=\/wp\/v2\/types\/post"}],"author":[{"embeddable":true,"href":"http:\/\/folhadosudeste.com\/site\/index.php?rest_route=\/wp\/v2\/users\/6"}],"replies":[{"embeddable":true,"href":"http:\/\/folhadosudeste.com\/site\/index.php?rest_route=%2Fwp%2Fv2%2Fcomments&post=38894"}],"version-history":[{"count":3,"href":"http:\/\/folhadosudeste.com\/site\/index.php?rest_route=\/wp\/v2\/posts\/38894\/revisions"}],"predecessor-version":[{"id":38950,"href":"http:\/\/folhadosudeste.com\/site\/index.php?rest_route=\/wp\/v2\/posts\/38894\/revisions\/38950"}],"wp:featuredmedia":[{"embeddable":true,"href":"http:\/\/folhadosudeste.com\/site\/index.php?rest_route=\/wp\/v2\/media\/38895"}],"wp:attachment":[{"href":"http:\/\/folhadosudeste.com\/site\/index.php?rest_route=%2Fwp%2Fv2%2Fmedia&parent=38894"}],"wp:term":[{"taxonomy":"category","embeddable":true,"href":"http:\/\/folhadosudeste.com\/site\/index.php?rest_route=%2Fwp%2Fv2%2Fcategories&post=38894"},{"taxonomy":"post_tag","embeddable":true,"href":"http:\/\/folhadosudeste.com\/site\/index.php?rest_route=%2Fwp%2Fv2%2Ftags&post=38894"}],"curies":[{"name":"wp","href":"https:\/\/api.w.org\/{rel}","templated":true}]}}