{"id":38898,"date":"2017-06-07T20:06:03","date_gmt":"2017-06-07T20:06:03","guid":{"rendered":"http:\/\/folhadosudeste.com\/site\/?p=38898"},"modified":"2017-06-07T20:36:15","modified_gmt":"2017-06-07T20:36:15","slug":"dezoito-personalidades-sao-agraciadas-com-o-titulo-chico-mendes","status":"publish","type":"post","link":"http:\/\/folhadosudeste.com\/site\/?p=38898","title":{"rendered":"DEZOITO PERSONALIDADES S\u00c3O AGRACIADAS COM O T\u00cdTULO \u201cCHICO MENDES\u201d"},"content":{"rendered":"<p style=\"text-align: justify;\">&nbsp;<\/p>\n<p style=\"text-align: justify;\"><a href=\"http:\/\/folhadosudeste.com\/site\/wp-content\/uploads\/2017\/06\/DSC_0158-1.jpg\"><img loading=\"lazy\" decoding=\"async\" class=\"aligncenter wp-image-38945 size-full\" src=\"http:\/\/folhadosudeste.com\/site\/wp-content\/uploads\/2017\/06\/DSC_0158-1.jpg\" alt=\"\" width=\"777\" height=\"241\" srcset=\"http:\/\/folhadosudeste.com\/site\/wp-content\/uploads\/2017\/06\/DSC_0158-1.jpg 777w, http:\/\/folhadosudeste.com\/site\/wp-content\/uploads\/2017\/06\/DSC_0158-1-300x93.jpg 300w, http:\/\/folhadosudeste.com\/site\/wp-content\/uploads\/2017\/06\/DSC_0158-1-768x238.jpg 768w\" sizes=\"auto, (max-width: 777px) 100vw, 777px\" \/><\/a><\/p>\n<p style=\"text-align: justify;\">Em comemora\u00e7\u00e3o ao Dia Mundial do Meio Ambiente, celebrado em 5 de junho, a C\u00e2mara de Vereadores de Muria\u00e9 homenageou 18 personalidades com o T\u00edtulo da Ordem \u201cChico Mendes\u201d. A honraria foi entregue na ter\u00e7a-feira (6), no plen\u00e1rio da Casa legislativa.<\/p>\n<p style=\"text-align: justify;\">Baseado na Lei 5.387\/2017, de autoria da vereadora Dr\u00aa Miriam Facchini, o t\u00edtulo \u00e9 concedido como forma de reconhecer pessoas ou institui\u00e7\u00f5es que tenham contribu\u00eddo para a preserva\u00e7\u00e3o ambiental e pela conscientiza\u00e7\u00e3o ecol\u00f3gica em Muria\u00e9.<\/p>\n<p style=\"text-align: justify;\">A vereadora considera que a outorga da honraria poder\u00e1 ser um incentivo para que a\u00e7\u00f5es de preserva\u00e7\u00e3o do meio ambiente se tornem cada vez mais comuns na cidade.<\/p>\n<p style=\"text-align: justify;\">Dr\u00aa Miriam Facchini frisa que este t\u00edtulo \u00e9 o reconhecimento a muriaeenses que desenvolveram ou desenvolvem trabalhos ambientais de relev\u00e2ncia na comunidade. \u201cSe cada um sempre fizer a sua parte, alcan\u00e7aremos resultados muito mais eficazes em prol do bem comum. Assim, o t\u00edtulo \u2018Chico Mendes\u2019 firma o compromisso da C\u00e2mara de Muria\u00e9 com a quest\u00e3o ambiental em nossa cidade. \u00c9 um justo e merecido reconhecimento \u00e0queles que v\u00eam lutando em defesa do meio ambiente, estimulando as pessoas a se tornarem agentes do desenvolvimento sustent\u00e1vel e a modificarem seus h\u00e1bitos cotidianos de utiliza\u00e7\u00e3o dos recursos naturais\u201d, afirma.<\/p>\n<p style=\"text-align: justify;\">Dos 18 agraciados, 17 foram indica\u00e7\u00e3o dos vereadores e um do prefeito Grego.<\/p>\n<p style=\"text-align: justify;\">CHICO MENDES &#8211; Francisco Alves Mendes Filho, o Chico Mendes, foi um dos mais importantes ambientalistas brasileiros. Ficou conhecido internacionalmente por ser defensor da floresta e dos direitos dos seringueiros, e tornou-se s\u00edmbolo da luta em defesa da Amaz\u00f4nia e do meio ambiente.<\/p>\n<p style=\"text-align: justify;\">HOMENAGEADOS:<\/p>\n<p style=\"text-align: justify;\">Nilza Maria da Silva<br \/>\nFelipe da Silva Costa<br \/>\nRomero Valente Soares<br \/>\nJos\u00e9 Nunes Viana Filho<br \/>\nMaucon Francisco Almeida Rodrigues<br \/>\nAnt\u00f4nio Jos\u00e9 Rodrigues Caldas Francisco<br \/>\nFrancisco Ofeni Silva<br \/>\nClube de Desbravadores Ca\u00e7adores de Aventura<br \/>\nLynaldo de Paula Silva<br \/>\nFrei Gilberto Teixeira da Silveira<br \/>\nRenato Silva Sigiliano<br \/>\nRachel Monteiro de Castro Jansen<br \/>\nJo\u00e3o Francisco dos Santos<br \/>\nSargento Marcos Ant\u00f4nio Madriaga Bernardino<br \/>\nCarlos Alberto de Oliveira<br \/>\nJos\u00e9 \u00c1lvaro Percino da Silva<br \/>\nAirton Bouzada Lopes<br \/>\nTenente Jo\u00e3o Carlos Santos Areias<\/p>\n<p>[ngg_images source=&#8221;galleries&#8221; container_ids=&#8221;1004&#8243; display_type=&#8221;photocrati-nextgen_basic_thumbnails&#8221; override_thumbnail_settings=&#8221;0&#8243; thumbnail_width=&#8221;100&#8243; thumbnail_height=&#8221;75&#8243; thumbnail_crop=&#8221;1&#8243; images_per_page=&#8221;0&#8243; number_of_columns=&#8221;0&#8243; ajax_pagination=&#8221;0&#8243; show_all_in_lightbox=&#8221;0&#8243; use_imagebrowser_effect=&#8221;0&#8243; show_slideshow_link=&#8221;1&#8243; slideshow_link_text=&#8221;[Show as slideshow]&#8221; order_by=&#8221;sortorder&#8221; order_direction=&#8221;ASC&#8221; returns=&#8221;included&#8221; maximum_entity_count=&#8221;500&#8243;]<\/p>\n","protected":false},"excerpt":{"rendered":"<p>&nbsp; Em comemora\u00e7\u00e3o ao Dia Mundial do Meio Ambiente, celebrado em 5 de junho, a C\u00e2mara de Vereadores de Muria\u00e9 homenageou 18 personalidades com o T\u00edtulo da Ordem \u201cChico Mendes\u201d. A honraria foi entregue na ter\u00e7a-feira (6), no plen\u00e1rio da Casa legislativa. Baseado na Lei 5.387\/2017, de autoria da vereadora Dr\u00aa Miriam Facchini, o t\u00edtulo [&hellip;]<\/p>\n","protected":false},"author":6,"featured_media":38899,"comment_status":"open","ping_status":"closed","sticky":false,"template":"","format":"standard","meta":{"_joinchat":[],"footnotes":""},"categories":[1],"tags":[],"class_list":["post-38898","post","type-post","status-publish","format-standard","has-post-thumbnail","hentry","category-sem-categoria"],"_links":{"self":[{"href":"http:\/\/folhadosudeste.com\/site\/index.php?rest_route=\/wp\/v2\/posts\/38898","targetHints":{"allow":["GET"]}}],"collection":[{"href":"http:\/\/folhadosudeste.com\/site\/index.php?rest_route=\/wp\/v2\/posts"}],"about":[{"href":"http:\/\/folhadosudeste.com\/site\/index.php?rest_route=\/wp\/v2\/types\/post"}],"author":[{"embeddable":true,"href":"http:\/\/folhadosudeste.com\/site\/index.php?rest_route=\/wp\/v2\/users\/6"}],"replies":[{"embeddable":true,"href":"http:\/\/folhadosudeste.com\/site\/index.php?rest_route=%2Fwp%2Fv2%2Fcomments&post=38898"}],"version-history":[{"count":4,"href":"http:\/\/folhadosudeste.com\/site\/index.php?rest_route=\/wp\/v2\/posts\/38898\/revisions"}],"predecessor-version":[{"id":38948,"href":"http:\/\/folhadosudeste.com\/site\/index.php?rest_route=\/wp\/v2\/posts\/38898\/revisions\/38948"}],"wp:featuredmedia":[{"embeddable":true,"href":"http:\/\/folhadosudeste.com\/site\/index.php?rest_route=\/wp\/v2\/media\/38899"}],"wp:attachment":[{"href":"http:\/\/folhadosudeste.com\/site\/index.php?rest_route=%2Fwp%2Fv2%2Fmedia&parent=38898"}],"wp:term":[{"taxonomy":"category","embeddable":true,"href":"http:\/\/folhadosudeste.com\/site\/index.php?rest_route=%2Fwp%2Fv2%2Fcategories&post=38898"},{"taxonomy":"post_tag","embeddable":true,"href":"http:\/\/folhadosudeste.com\/site\/index.php?rest_route=%2Fwp%2Fv2%2Ftags&post=38898"}],"curies":[{"name":"wp","href":"https:\/\/api.w.org\/{rel}","templated":true}]}}