{"id":38962,"date":"2017-06-09T14:49:27","date_gmt":"2017-06-09T14:49:27","guid":{"rendered":"http:\/\/folhadosudeste.com\/site\/?p=38962"},"modified":"2017-06-09T14:49:27","modified_gmt":"2017-06-09T14:49:27","slug":"obras-na-galeria-do-santa-rita-comecam-na-proxima-segunda","status":"publish","type":"post","link":"http:\/\/folhadosudeste.com\/site\/?p=38962","title":{"rendered":"OBRAS NA GALERIA DO SANTA RITA COME\u00c7AM NA PR\u00d3XIMA SEGUNDA"},"content":{"rendered":"<p style=\"text-align: justify;\">&nbsp;<a href=\"http:\/\/folhadosudeste.com\/site\/wp-content\/uploads\/2017\/06\/OBRAS-SANTA-RITA.jpg\"><img loading=\"lazy\" decoding=\"async\" class=\"aligncenter size-full wp-image-38986\" src=\"http:\/\/folhadosudeste.com\/site\/wp-content\/uploads\/2017\/06\/OBRAS-SANTA-RITA.jpg\" alt=\"\" width=\"620\" height=\"341\" srcset=\"http:\/\/folhadosudeste.com\/site\/wp-content\/uploads\/2017\/06\/OBRAS-SANTA-RITA.jpg 620w, http:\/\/folhadosudeste.com\/site\/wp-content\/uploads\/2017\/06\/OBRAS-SANTA-RITA-300x165.jpg 300w\" sizes=\"auto, (max-width: 620px) 100vw, 620px\" \/><\/a><\/p>\n<p style=\"text-align: justify;\">Come\u00e7am na pr\u00f3xima segunda, 12\/06,as obras de recupera\u00e7\u00e3o da rede de esgoto que fica na parte interna da galeria da Rua Santa Rita. O objetivo \u00e9 acabar com o mau cheiro exalado do local atrav\u00e9s das bocas-de-lobo. Esta \u00e9 uma reivindica\u00e7\u00e3o antiga dos moradores da regi\u00e3o, mas o problema se intensificou no in\u00edcio do ano. O trecho da Rua Santa Rita na esquina com a Jos\u00e9 Augusto de Abreu ficar\u00e1 interditado para o tr\u00e2nsito a partir do dia 12\/06 por cerca de um m\u00eas, prazo para a conclus\u00e3o das obras. A Rua S\u00e3o Sebasti\u00e3o ter\u00e1 m\u00e3o dupla.<\/p>\n<p style=\"text-align: justify;\">Os t\u00e9cnicos do DAE &#8211; Departamento de \u00c1guas e Esgotos -estudaram a quest\u00e3o e iniciaram os trabalhos em abril, quando uma equipe da autarquia e uma empresa especializada em Engenharia de Seguran\u00e7a fizeram a medi\u00e7\u00e3o dos gases no interior da galeria, a fim de saber se era vi\u00e1vel a entrada de pessoal para verificar as condi\u00e7\u00f5es da tubula\u00e7\u00e3o. Desde o in\u00edcio, o Diretor de \u00c1guas e Esgotos do Demsur suspeitava de rompimento na rede que leva o esgoto tratado, no dia 10 de maio, a suspeita foi confirmada depois que o diretor e um funcion\u00e1rio do DAE, desceram, \u00e0 galeria e descobriram os rompimentos na rede. Todo o trabalho, desde o in\u00edcio, foi acompanhado pelos Bombeiros de Muria\u00e9.<\/p>\n<p style=\"text-align: justify;\">Para sanar o problema a tubula\u00e7\u00e3o antiga ser\u00e1 trocada por tubos de ferro fundido e tubos de PVC, um dos materiais mais resistentes do mercado atualmente que garantir\u00e1 por muitos anos mais resist\u00eancia evitando os constantes vazamentos que ocorre no local gerando mau cheiro.<\/p>\n<p style=\"text-align: justify;\">Veja mais na edi\u00e7\u00e3o 761 do Folha do Sudeste<\/p>\n","protected":false},"excerpt":{"rendered":"<p>&nbsp; Come\u00e7am na pr\u00f3xima segunda, 12\/06,as obras de recupera\u00e7\u00e3o da rede de esgoto que fica na parte interna da galeria da Rua Santa Rita. O objetivo \u00e9 acabar com o mau cheiro exalado do local atrav\u00e9s das bocas-de-lobo. Esta \u00e9 uma reivindica\u00e7\u00e3o antiga dos moradores da regi\u00e3o, mas o problema se intensificou no in\u00edcio do [&hellip;]<\/p>\n","protected":false},"author":2,"featured_media":38986,"comment_status":"open","ping_status":"closed","sticky":false,"template":"","format":"standard","meta":{"_joinchat":[],"footnotes":""},"categories":[1],"tags":[],"class_list":["post-38962","post","type-post","status-publish","format-standard","has-post-thumbnail","hentry","category-sem-categoria"],"_links":{"self":[{"href":"http:\/\/folhadosudeste.com\/site\/index.php?rest_route=\/wp\/v2\/posts\/38962","targetHints":{"allow":["GET"]}}],"collection":[{"href":"http:\/\/folhadosudeste.com\/site\/index.php?rest_route=\/wp\/v2\/posts"}],"about":[{"href":"http:\/\/folhadosudeste.com\/site\/index.php?rest_route=\/wp\/v2\/types\/post"}],"author":[{"embeddable":true,"href":"http:\/\/folhadosudeste.com\/site\/index.php?rest_route=\/wp\/v2\/users\/2"}],"replies":[{"embeddable":true,"href":"http:\/\/folhadosudeste.com\/site\/index.php?rest_route=%2Fwp%2Fv2%2Fcomments&post=38962"}],"version-history":[{"count":2,"href":"http:\/\/folhadosudeste.com\/site\/index.php?rest_route=\/wp\/v2\/posts\/38962\/revisions"}],"predecessor-version":[{"id":38987,"href":"http:\/\/folhadosudeste.com\/site\/index.php?rest_route=\/wp\/v2\/posts\/38962\/revisions\/38987"}],"wp:featuredmedia":[{"embeddable":true,"href":"http:\/\/folhadosudeste.com\/site\/index.php?rest_route=\/wp\/v2\/media\/38986"}],"wp:attachment":[{"href":"http:\/\/folhadosudeste.com\/site\/index.php?rest_route=%2Fwp%2Fv2%2Fmedia&parent=38962"}],"wp:term":[{"taxonomy":"category","embeddable":true,"href":"http:\/\/folhadosudeste.com\/site\/index.php?rest_route=%2Fwp%2Fv2%2Fcategories&post=38962"},{"taxonomy":"post_tag","embeddable":true,"href":"http:\/\/folhadosudeste.com\/site\/index.php?rest_route=%2Fwp%2Fv2%2Ftags&post=38962"}],"curies":[{"name":"wp","href":"https:\/\/api.w.org\/{rel}","templated":true}]}}