{"id":38968,"date":"2017-06-09T14:52:31","date_gmt":"2017-06-09T14:52:31","guid":{"rendered":"http:\/\/folhadosudeste.com\/site\/?p=38968"},"modified":"2017-06-09T14:52:31","modified_gmt":"2017-06-09T14:52:31","slug":"prefeitura-realiza-parceria-com-sebrae-para-incentivar-empreendedorismo-na-cidade-2","status":"publish","type":"post","link":"http:\/\/folhadosudeste.com\/site\/?p=38968","title":{"rendered":"PREFEITURA REALIZA PARCERIA COM SEBRAE PARA INCENTIVAR EMPREENDEDORISMO NA CIDADE"},"content":{"rendered":"<p style=\"text-align: justify;\">&nbsp;<a href=\"http:\/\/folhadosudeste.com\/site\/wp-content\/uploads\/2017\/06\/PREFEITURA-EMPREENDEDORISMO.jpg\"><img loading=\"lazy\" decoding=\"async\" class=\"aligncenter size-full wp-image-38992\" src=\"http:\/\/folhadosudeste.com\/site\/wp-content\/uploads\/2017\/06\/PREFEITURA-EMPREENDEDORISMO.jpg\" alt=\"\" width=\"620\" height=\"295\" srcset=\"http:\/\/folhadosudeste.com\/site\/wp-content\/uploads\/2017\/06\/PREFEITURA-EMPREENDEDORISMO.jpg 620w, http:\/\/folhadosudeste.com\/site\/wp-content\/uploads\/2017\/06\/PREFEITURA-EMPREENDEDORISMO-300x143.jpg 300w\" sizes=\"auto, (max-width: 620px) 100vw, 620px\" \/><\/a><\/p>\n<p style=\"text-align: justify;\"><strong><em>\u201cSala Mineira do Empreendedor\u201d vai tirar d\u00favidas e auxiliar muriaeenses a montarem o pr\u00f3prio neg\u00f3cio<\/em><\/strong><\/p>\n<p style=\"text-align: justify;\">Muria\u00e9 recebe, pela primeira vez, a Sala Mineira do Empreendedor, projeto que vai incentivar os muriaeenses a montarem seus pr\u00f3prios neg\u00f3cios e tirar d\u00favidas sobre suas atividades. O contrato foi assinado entre a Prefeitura de Muria\u00e9 e Sebrae Minas, na \u00faltima quinta (01) no Pa\u00e7o Municipal. A nova Sala funcionar\u00e1 no CD Moda, juntamente com o programa Minas F\u00e1cil, na Rua Sinval Flor\u00eancio da Silva, 02 \u2013 Centro (ao lado do Mercado Produtor). A Sala Mineira do Empreendedor ser\u00e1 uma parceria entre a Prefeitura e o Sebrae, tendo como intermedi\u00e1ria a Junta Comercial do Estado de Minas Gerais (JUCEMG) e o Minas F\u00e1cil. \u201cEsperamos contribuir com as pessoas que queiram iniciar uma pequena empresa, ter o seu pr\u00f3prio neg\u00f3cio, desenvolvendo e gerando renda para nossa cidade\u201d, explicou o secret\u00e1rio de Rela\u00e7\u00f5es Institucionais e Desenvolvimento Econ\u00f4mico, Carlos Magno.<\/p>\n<p style=\"text-align: justify;\">Para o prefeito Grego, ser\u00e1 uma maneira de auxiliar o desenvolvimento da cidade, gerando mais renda e emprego para os muriaeenses. \u201cFicamos felizes quando uma pessoa toma uma iniciativa de montar o seu pr\u00f3prio neg\u00f3cio. Quanto mais empresas, mais trabalho, e menos desemprego. Trabalhamos para facilitar a abertura de novos neg\u00f3cios, pois assim Muria\u00e9 cresce e constru\u00edmos, juntos, um novo caminho\u201d, concluiu o prefeito.<\/p>\n<p>SALA DO EMPREENDEDOR + MINAS F\u00c1CIL<br \/>\n(Prefeitura de Muria\u00e9 \/ Sebrae)<br \/>\nNovo endere\u00e7o:<br \/>\nRua Sinval Flor\u00eancio da Silva, 02 \u2013 Centro (Mercado Produtor)<br \/>\nTel.: 3728 &#8211; 5593<\/p>\n<p style=\"text-align: justify;\">Veja mais na edi\u00e7\u00e3o 761 do Folha do Sudeste<\/p>\n","protected":false},"excerpt":{"rendered":"<p>&nbsp; \u201cSala Mineira do Empreendedor\u201d vai tirar d\u00favidas e auxiliar muriaeenses a montarem o pr\u00f3prio neg\u00f3cio Muria\u00e9 recebe, pela primeira vez, a Sala Mineira do Empreendedor, projeto que vai incentivar os muriaeenses a montarem seus pr\u00f3prios neg\u00f3cios e tirar d\u00favidas sobre suas atividades. O contrato foi assinado entre a Prefeitura de Muria\u00e9 e Sebrae Minas, [&hellip;]<\/p>\n","protected":false},"author":2,"featured_media":38992,"comment_status":"open","ping_status":"closed","sticky":false,"template":"","format":"standard","meta":{"_joinchat":[],"footnotes":""},"categories":[1],"tags":[],"class_list":["post-38968","post","type-post","status-publish","format-standard","has-post-thumbnail","hentry","category-sem-categoria"],"_links":{"self":[{"href":"http:\/\/folhadosudeste.com\/site\/index.php?rest_route=\/wp\/v2\/posts\/38968","targetHints":{"allow":["GET"]}}],"collection":[{"href":"http:\/\/folhadosudeste.com\/site\/index.php?rest_route=\/wp\/v2\/posts"}],"about":[{"href":"http:\/\/folhadosudeste.com\/site\/index.php?rest_route=\/wp\/v2\/types\/post"}],"author":[{"embeddable":true,"href":"http:\/\/folhadosudeste.com\/site\/index.php?rest_route=\/wp\/v2\/users\/2"}],"replies":[{"embeddable":true,"href":"http:\/\/folhadosudeste.com\/site\/index.php?rest_route=%2Fwp%2Fv2%2Fcomments&post=38968"}],"version-history":[{"count":2,"href":"http:\/\/folhadosudeste.com\/site\/index.php?rest_route=\/wp\/v2\/posts\/38968\/revisions"}],"predecessor-version":[{"id":38993,"href":"http:\/\/folhadosudeste.com\/site\/index.php?rest_route=\/wp\/v2\/posts\/38968\/revisions\/38993"}],"wp:featuredmedia":[{"embeddable":true,"href":"http:\/\/folhadosudeste.com\/site\/index.php?rest_route=\/wp\/v2\/media\/38992"}],"wp:attachment":[{"href":"http:\/\/folhadosudeste.com\/site\/index.php?rest_route=%2Fwp%2Fv2%2Fmedia&parent=38968"}],"wp:term":[{"taxonomy":"category","embeddable":true,"href":"http:\/\/folhadosudeste.com\/site\/index.php?rest_route=%2Fwp%2Fv2%2Fcategories&post=38968"},{"taxonomy":"post_tag","embeddable":true,"href":"http:\/\/folhadosudeste.com\/site\/index.php?rest_route=%2Fwp%2Fv2%2Ftags&post=38968"}],"curies":[{"name":"wp","href":"https:\/\/api.w.org\/{rel}","templated":true}]}}