{"id":38972,"date":"2017-06-09T14:55:12","date_gmt":"2017-06-09T14:55:12","guid":{"rendered":"http:\/\/folhadosudeste.com\/site\/?p=38972"},"modified":"2017-06-09T14:55:12","modified_gmt":"2017-06-09T14:55:12","slug":"5o-almoco-festivo-e-bingo-beneficente-da-pastoral-social-da-matriz-sao-paulo","status":"publish","type":"post","link":"http:\/\/folhadosudeste.com\/site\/?p=38972","title":{"rendered":"5\u00ba ALMO\u00c7O FESTIVO E BINGO BENEFICENTE DA PASTORAL SOCIAL DA MATRIZ S\u00c3O PAULO"},"content":{"rendered":"<p style=\"text-align: justify;\">&nbsp;<a href=\"http:\/\/folhadosudeste.com\/site\/wp-content\/uploads\/2017\/06\/MATRIZ-S\u00c3O-PAULO.jpg\"><img loading=\"lazy\" decoding=\"async\" class=\"aligncenter size-full wp-image-38996\" src=\"http:\/\/folhadosudeste.com\/site\/wp-content\/uploads\/2017\/06\/MATRIZ-S\u00c3O-PAULO.jpg\" alt=\"\" width=\"620\" height=\"269\" srcset=\"http:\/\/folhadosudeste.com\/site\/wp-content\/uploads\/2017\/06\/MATRIZ-S\u00c3O-PAULO.jpg 620w, http:\/\/folhadosudeste.com\/site\/wp-content\/uploads\/2017\/06\/MATRIZ-S\u00c3O-PAULO-300x130.jpg 300w\" sizes=\"auto, (max-width: 620px) 100vw, 620px\" \/><\/a><\/p>\n<p style=\"text-align: justify;\">Foi realizado, no domingo 4 de junho, no p\u00e1tio da Matriz S\u00e3o Paulo, a 5\u00aa edi\u00e7\u00e3o do tradicional Almo\u00e7o Festivo e Bingo Beneficente. O evento mais uma vez teve casa cheia, tendo como objetivo arrecadar recursos para a Pastoral Social, que assiste as pessoas necessitadas que procuram sua equipe, e as parceiras Pastoral da Sa\u00fade e Casa Acolhedora.<\/p>\n<p style=\"text-align: justify;\">Oneida Pimentel de Paes Morais, coordenadora da Pastoral Social, agradeceu o apoio e ajuda dos paroquianos e empres\u00e1rios, que mais uma vez contribu\u00edram grandemente. \u201cTivemos mais de 50 doadores, entre alimentos e bingos, e n\u00e3o precisamos comprar nada. Vendemos todos os ingressos e s\u00f3 temos que agradecer as pessoas pela confian\u00e7a em nosso trabalho. Foi mais uma vez um grande sucesso. Agrade\u00e7o tamb\u00e9m as outras pastorais, al\u00e9m da de Sa\u00fade, que est\u00e3o sempre conosco\u201d, destaca. A Pastoral Social faz, por exemplo, doa\u00e7\u00e3o de cadeiras de rodas, muletas, camas hospitalares e cestas b\u00e1sicas.<\/p>\n<p style=\"text-align: justify;\">Gisele Braga de Aquino, secret\u00e1ria municipal de Desenvolvimento Social, tamb\u00e9m parceira do evento, explicou que a ideia surgiu mediante a necessidade da Casa Acolhedora de receber doa\u00e7\u00f5es e da possibilidade de parte da renda do almo\u00e7o ser revertida para tal fim. \u201cA Casa \u00e9 um dos nossos servi\u00e7os e necessita muito da mobiliza\u00e7\u00e3o da sociedade, porque \u00e9 um lugar onde as pessoas ficam acolhidas: dormem, almo\u00e7am e jantam. Precisamos muito desse apoio, com kits de higiene, pois s\u00e3o pessoas que recebemos em situa\u00e7\u00e3o de rua. Com isso podemos reverter na qualidade de vida deles, ent\u00e3o \u00e9 uma grande parceria\u201d, afirma.<\/p>\n<p style=\"text-align: justify;\">Veja mais na edi\u00e7\u00e3o 761 do Folha do Sudeste<\/p>\n<p>[ngg_images source=&#8221;galleries&#8221; container_ids=&#8221;1005&#8243; display_type=&#8221;photocrati-nextgen_basic_thumbnails&#8221; override_thumbnail_settings=&#8221;0&#8243; thumbnail_width=&#8221;100&#8243; thumbnail_height=&#8221;75&#8243; thumbnail_crop=&#8221;1&#8243; images_per_page=&#8221;0&#8243; number_of_columns=&#8221;0&#8243; ajax_pagination=&#8221;0&#8243; show_all_in_lightbox=&#8221;0&#8243; use_imagebrowser_effect=&#8221;0&#8243; show_slideshow_link=&#8221;1&#8243; slideshow_link_text=&#8221;[Show as slideshow]&#8221; order_by=&#8221;sortorder&#8221; order_direction=&#8221;ASC&#8221; returns=&#8221;included&#8221; maximum_entity_count=&#8221;500&#8243;]<\/p>\n","protected":false},"excerpt":{"rendered":"<p>&nbsp; Foi realizado, no domingo 4 de junho, no p\u00e1tio da Matriz S\u00e3o Paulo, a 5\u00aa edi\u00e7\u00e3o do tradicional Almo\u00e7o Festivo e Bingo Beneficente. O evento mais uma vez teve casa cheia, tendo como objetivo arrecadar recursos para a Pastoral Social, que assiste as pessoas necessitadas que procuram sua equipe, e as parceiras Pastoral da [&hellip;]<\/p>\n","protected":false},"author":2,"featured_media":38996,"comment_status":"open","ping_status":"closed","sticky":false,"template":"","format":"standard","meta":{"_joinchat":[],"footnotes":""},"categories":[1],"tags":[],"class_list":["post-38972","post","type-post","status-publish","format-standard","has-post-thumbnail","hentry","category-sem-categoria"],"_links":{"self":[{"href":"http:\/\/folhadosudeste.com\/site\/index.php?rest_route=\/wp\/v2\/posts\/38972","targetHints":{"allow":["GET"]}}],"collection":[{"href":"http:\/\/folhadosudeste.com\/site\/index.php?rest_route=\/wp\/v2\/posts"}],"about":[{"href":"http:\/\/folhadosudeste.com\/site\/index.php?rest_route=\/wp\/v2\/types\/post"}],"author":[{"embeddable":true,"href":"http:\/\/folhadosudeste.com\/site\/index.php?rest_route=\/wp\/v2\/users\/2"}],"replies":[{"embeddable":true,"href":"http:\/\/folhadosudeste.com\/site\/index.php?rest_route=%2Fwp%2Fv2%2Fcomments&post=38972"}],"version-history":[{"count":2,"href":"http:\/\/folhadosudeste.com\/site\/index.php?rest_route=\/wp\/v2\/posts\/38972\/revisions"}],"predecessor-version":[{"id":39013,"href":"http:\/\/folhadosudeste.com\/site\/index.php?rest_route=\/wp\/v2\/posts\/38972\/revisions\/39013"}],"wp:featuredmedia":[{"embeddable":true,"href":"http:\/\/folhadosudeste.com\/site\/index.php?rest_route=\/wp\/v2\/media\/38996"}],"wp:attachment":[{"href":"http:\/\/folhadosudeste.com\/site\/index.php?rest_route=%2Fwp%2Fv2%2Fmedia&parent=38972"}],"wp:term":[{"taxonomy":"category","embeddable":true,"href":"http:\/\/folhadosudeste.com\/site\/index.php?rest_route=%2Fwp%2Fv2%2Fcategories&post=38972"},{"taxonomy":"post_tag","embeddable":true,"href":"http:\/\/folhadosudeste.com\/site\/index.php?rest_route=%2Fwp%2Fv2%2Ftags&post=38972"}],"curies":[{"name":"wp","href":"https:\/\/api.w.org\/{rel}","templated":true}]}}