{"id":38976,"date":"2017-06-09T15:00:38","date_gmt":"2017-06-09T15:00:38","guid":{"rendered":"http:\/\/folhadosudeste.com\/site\/?p=38976"},"modified":"2017-06-10T23:52:04","modified_gmt":"2017-06-10T23:52:04","slug":"titulo-da-ordem-chico-mendes-de-autoria-de-dra-miriam-fachinni-e-entregue-a-18-profissionais-ligados-ao-meio-ambiente","status":"publish","type":"post","link":"http:\/\/folhadosudeste.com\/site\/?p=38976","title":{"rendered":"T\u00cdTULO DA ORDEM CHICO MENDES,  \u00c9 ENTREGUE A 18 PROFISSIONAIS LIGADOS AO MEIO AMBIENTE"},"content":{"rendered":"<p style=\"text-align: justify;\">&nbsp;<a href=\"http:\/\/folhadosudeste.com\/site\/wp-content\/uploads\/2017\/06\/CHICO-MENDES-CAMARA.jpg\"><img loading=\"lazy\" decoding=\"async\" class=\"aligncenter size-full wp-image-39040\" src=\"http:\/\/folhadosudeste.com\/site\/wp-content\/uploads\/2017\/06\/CHICO-MENDES-CAMARA.jpg\" alt=\"\" height=\"197\" width=\"620\" srcset=\"http:\/\/folhadosudeste.com\/site\/wp-content\/uploads\/2017\/06\/CHICO-MENDES-CAMARA.jpg 620w, http:\/\/folhadosudeste.com\/site\/wp-content\/uploads\/2017\/06\/CHICO-MENDES-CAMARA-300x95.jpg 300w\" sizes=\"auto, (max-width: 620px) 100vw, 620px\" \/><\/a><\/p>\n<p style=\"text-align: justify;\">Na noite da \u00faltima ter\u00e7a (6), a C\u00e2mara de Vereadores de Muria\u00e9 realizou uma Reuni\u00e3o Comemorativa ao Dia Mundial do Meio Ambiente. Na ocasi\u00e3o, seguindo o projeto de autoria da vereadora Dra. Miriam Fachinni, foram entregues as homenagens do T\u00edtulo da Ordem Chico Mendes a 18 pessoas que trabalharam e se dedicaram em defesa do meio ambiente.<\/p>\n<p style=\"text-align: justify;\">Os homenageados e os respectivos vereadores que os indicaram foram: Nilza Maria da Silva (ver. Ademar Camerino); Felipe da Silva Costa (ver. Carlos Macuco); Romero Valente Soares (Pres. da C\u00e2mara de Muria\u00e9, ver. Carlos Delfim); Jos\u00e9 Nunes Viana Filho (ver. Celso de Oliveira); Maucon Francisco Almeida Rodrigues (ver. David Lacerda); Ant\u00f4nio Jos\u00e9 Rodrigues Caldas Francisco (ver. Devail Corr\u00eaa); Francisco Ofeni Silva (ver. Evandro Cheiroso); Clube de Desbravadores Ca\u00e7adores de Aventura (ver. Helena Carvalho); Lynaldo de Paula Silva (ver. Ivanir Souza); Frei Gilberto Teixeira da Silveira (ver. Jair Abreu); Renato Silva Sigiliano (ver. Joel de Asevedo J\u00fanior); Rachel Monteiro de Castro Jansen (ver. Jos\u00e9 Carlos Alves Cerqueira); Jo\u00e3o Francisco dos Santos (ver. Prof. J\u00falio Simbra); 3\u00ba Sargento Marcos Ant\u00f4nio Madriaga Bernardino (ver. Dra. Miriam Facchini); Carlos Alberto de Oliveira (ver. Reginaldo Roriz); Jos\u00e9 \u00c1lvaro Percino da Silva (ver. Lelei); Airton Bouzada Lopes (ver. Ciso); 2\u00ba Tenente Jo\u00e3o Carlos Santos Areias (Prefeito Grego).<\/p>\n<p style=\"text-align: justify;\">Dra. Miriam, em seu discurso, proferiu as seguintes palavras:<\/p>\n<p style=\"text-align: justify;\">\u201cNo dia 5 de junho, celebrou-se o Dia Mundial do Meio Ambiente. Uma data importante que, j\u00e1 h\u00e1 45 anos, procura nos lembrar que cada habitante do planeta tem sua parcela de responsabilidade em rela\u00e7\u00e3o \u00e0 melhoria da qualidade de vida. Data que tem como objetivo chamar a aten\u00e7\u00e3o de todos n\u00f3s para a necessidade de preserva\u00e7\u00e3o dos nossos recursos naturais &#8211; que, ao contr\u00e1rio do que se imaginou por muito tempo, n\u00e3o s\u00e3o inesgot\u00e1veis.<\/p>\n<p style=\"text-align: justify;\">Al\u00e9m de continuar celebrando o Meio Ambiente, nos reunimos para oferecer o nosso reconhecimento a muriaeenses que, conscientes de sua import\u00e2ncia, desenvolveram ou ainda desenvolvem trabalhos ambientais de enorme relev\u00e2ncia em nossa comunidade. Pois, se cada um sempre fizer a sua parte, alcan\u00e7aremos resultados muito mais eficazes em prol do bem comum.<\/p>\n<p style=\"text-align: justify;\">Nosso planeta vive um momento cr\u00edtico no que diz respeito \u00e0 quest\u00e3o ambiental. Estamos enfrentando enchentes devastadoras, deslizamentos de terra letais e diversos outros desastres naturais que s\u00e3o, muitas vezes, consequ\u00eancias de a\u00e7\u00f5es sem planejamento que foram executadas pelo homem. Por isso, o momento n\u00e3o \u00e9 somente de reflex\u00e3o, mas principalmente de atitude. \u00c9 nosso dever trabalhar para minimizar, cada vez mais, os impactos negativos a serem enfrentados pelas gera\u00e7\u00f5es futuras e transform\u00e1-los em impactos positivos.<\/p>\n<p style=\"text-align: justify;\">N\u00e3o basta plantar uma \u00e1rvore ou separar o lixo corretamente apenas no Dia Mundial do Meio Ambiente. Conscientizar-se de verdade \u00e9 lembrar que as a\u00e7\u00f5es ambientais devem ser sempre constantes, pois somente assim conseguiremos obter mudan\u00e7as concretas em nossos h\u00e1bitos de vida e promover impactos positivos nos espa\u00e7os em que vivemos.<\/p>\n<p style=\"text-align: justify;\">Para a premia\u00e7\u00e3o que fizemos, escolhemos como patrono o homem que tornou-se s\u00edmbolo deste ideal. Francisco Alves Mendes Filho, ou apenas Chico Mendes, foi ativista reconhecido internacionalmente e, perseguido por grandes fazendeiros da regi\u00e3o amaz\u00f4nica, acabou tendo sua vida tirada, tornando-se m\u00e1rtir da causa ambientalista em nosso pa\u00eds.<\/p>\n<p style=\"text-align: justify;\">Assim, o Pr\u00eamio Chico Mendes firma o compromisso da C\u00e2mara Municipal de Muria\u00e9 com a quest\u00e3o ambiental em nossa cidade. \u00c9 um justo e merecido reconhecimento \u00e0queles que v\u00eam lutando em defesa do meio ambiente, estimulando as pessoas a se tornarem agentes do desenvolvimento sustent\u00e1vel e a modificarem seus h\u00e1bitos cotidianos de utiliza\u00e7\u00e3o dos recursos naturais. Na verdade, mais do que premiar, precisamos homenagear todos os agraciados desta noite conjugando um outro verbo: agradecer.<\/p>\n<p style=\"text-align: justify;\">Como dizia o escritor Nildo Lage: \u2018trabalhar com sustentabilidade \u00e9 plantar um presente que a garanta a subsist\u00eancia das novas gera\u00e7\u00f5es. Pois, melhor que plantar \u00e1rvores, despoluir rios e proteger animais, \u00e9 semear a consci\u00eancia de que garantir a vida \u00e9 respeitar as fronteiras da natureza\u2019\u201d.<\/p>\n<p style=\"text-align: justify;\">Veja mais na edi\u00e7\u00e3o 761 do Folha do Sudeste<\/p>\n<p>[ngg_images source=&#8221;galleries&#8221; container_ids=&#8221;1007&#8243; display_type=&#8221;photocrati-nextgen_basic_thumbnails&#8221; override_thumbnail_settings=&#8221;0&#8243; thumbnail_width=&#8221;100&#8243; thumbnail_height=&#8221;75&#8243; thumbnail_crop=&#8221;1&#8243; images_per_page=&#8221;0&#8243; number_of_columns=&#8221;0&#8243; ajax_pagination=&#8221;0&#8243; show_all_in_lightbox=&#8221;0&#8243; use_imagebrowser_effect=&#8221;0&#8243; show_slideshow_link=&#8221;1&#8243; slideshow_link_text=&#8221;[Show as slideshow]&#8221; order_by=&#8221;sortorder&#8221; order_direction=&#8221;ASC&#8221; returns=&#8221;included&#8221; maximum_entity_count=&#8221;500&#8243;]<\/p>\n","protected":false},"excerpt":{"rendered":"<p>&nbsp; Na noite da \u00faltima ter\u00e7a (6), a C\u00e2mara de Vereadores de Muria\u00e9 realizou uma Reuni\u00e3o Comemorativa ao Dia Mundial do Meio Ambiente. Na ocasi\u00e3o, seguindo o projeto de autoria da vereadora Dra. Miriam Fachinni, foram entregues as homenagens do T\u00edtulo da Ordem Chico Mendes a 18 pessoas que trabalharam e se dedicaram em defesa [&hellip;]<\/p>\n","protected":false},"author":2,"featured_media":39040,"comment_status":"open","ping_status":"closed","sticky":false,"template":"","format":"standard","meta":{"_joinchat":[],"footnotes":""},"categories":[1],"tags":[],"class_list":["post-38976","post","type-post","status-publish","format-standard","has-post-thumbnail","hentry","category-sem-categoria"],"_links":{"self":[{"href":"http:\/\/folhadosudeste.com\/site\/index.php?rest_route=\/wp\/v2\/posts\/38976","targetHints":{"allow":["GET"]}}],"collection":[{"href":"http:\/\/folhadosudeste.com\/site\/index.php?rest_route=\/wp\/v2\/posts"}],"about":[{"href":"http:\/\/folhadosudeste.com\/site\/index.php?rest_route=\/wp\/v2\/types\/post"}],"author":[{"embeddable":true,"href":"http:\/\/folhadosudeste.com\/site\/index.php?rest_route=\/wp\/v2\/users\/2"}],"replies":[{"embeddable":true,"href":"http:\/\/folhadosudeste.com\/site\/index.php?rest_route=%2Fwp%2Fv2%2Fcomments&post=38976"}],"version-history":[{"count":3,"href":"http:\/\/folhadosudeste.com\/site\/index.php?rest_route=\/wp\/v2\/posts\/38976\/revisions"}],"predecessor-version":[{"id":39362,"href":"http:\/\/folhadosudeste.com\/site\/index.php?rest_route=\/wp\/v2\/posts\/38976\/revisions\/39362"}],"wp:featuredmedia":[{"embeddable":true,"href":"http:\/\/folhadosudeste.com\/site\/index.php?rest_route=\/wp\/v2\/media\/39040"}],"wp:attachment":[{"href":"http:\/\/folhadosudeste.com\/site\/index.php?rest_route=%2Fwp%2Fv2%2Fmedia&parent=38976"}],"wp:term":[{"taxonomy":"category","embeddable":true,"href":"http:\/\/folhadosudeste.com\/site\/index.php?rest_route=%2Fwp%2Fv2%2Fcategories&post=38976"},{"taxonomy":"post_tag","embeddable":true,"href":"http:\/\/folhadosudeste.com\/site\/index.php?rest_route=%2Fwp%2Fv2%2Ftags&post=38976"}],"curies":[{"name":"wp","href":"https:\/\/api.w.org\/{rel}","templated":true}]}}