{"id":39382,"date":"2017-06-13T17:52:43","date_gmt":"2017-06-13T17:52:43","guid":{"rendered":"http:\/\/folhadosudeste.com\/site\/?p=39382"},"modified":"2017-06-13T17:52:43","modified_gmt":"2017-06-13T17:52:43","slug":"prefeitura-e-autoridades-se-reunem-para-combater-trabalho-infantil","status":"publish","type":"post","link":"http:\/\/folhadosudeste.com\/site\/?p=39382","title":{"rendered":"PREFEITURA E AUTORIDADES SE REUNEM PARA COMBATER TRABALHO INFANTIL"},"content":{"rendered":"<p style=\"text-align: justify;\"><a href=\"http:\/\/folhadosudeste.com\/site\/wp-content\/uploads\/2017\/06\/IMG_3392.jpg\"><img loading=\"lazy\" decoding=\"async\" class=\"aligncenter wp-image-39383 size-full\" src=\"http:\/\/folhadosudeste.com\/site\/wp-content\/uploads\/2017\/06\/IMG_3392.jpg\" alt=\"\" width=\"3264\" height=\"2176\" srcset=\"http:\/\/folhadosudeste.com\/site\/wp-content\/uploads\/2017\/06\/IMG_3392.jpg 3264w, http:\/\/folhadosudeste.com\/site\/wp-content\/uploads\/2017\/06\/IMG_3392-300x200.jpg 300w, http:\/\/folhadosudeste.com\/site\/wp-content\/uploads\/2017\/06\/IMG_3392-768x512.jpg 768w, http:\/\/folhadosudeste.com\/site\/wp-content\/uploads\/2017\/06\/IMG_3392-1024x683.jpg 1024w\" sizes=\"auto, (max-width: 3264px) 100vw, 3264px\" \/><\/a><\/p>\n<p style=\"text-align: justify;\"><em>Reuni\u00e3o discutiu a\u00e7\u00f5es para proteger crian\u00e7as e adolescentes na cidade<\/em><\/p>\n<p style=\"text-align: justify;\">A Prefeitura de Muria\u00e9 realizou nesta segunda-feira (12) \u2013 Dia Mundial Contra o Trabalho Infantil &#8211; uma mesa redonda sobre o tema com autoridades da cidade para estudar estrat\u00e9gias para prote\u00e7\u00e3o de crian\u00e7as e adolescentes na faixa et\u00e1ria entre 13 e 16 anos, idade em que s\u00f3 \u00e9 permitida a atividade de aprendizagem. O encontro aconteceu no Teatro Belmira Villas Boas e teve objetivo de proteger as crian\u00e7as do trabalho infantil e estreitar la\u00e7os entre as institui\u00e7\u00f5es respons\u00e1veis e os \u00f3rg\u00e3os p\u00fablicos.<\/p>\n<p style=\"text-align: justify;\">A mesa foi formada pela Secret\u00e1ria Municipal de Desenvolvimento Social, Gisele Aquino; pelo Promotor de Justi\u00e7a da Vara da Inf\u00e2ncia e da Adolesc\u00eancia, F\u00e1bio Laureano; pelo audiror fiscal do Minist\u00e9rio do Trabalho, Nilton Almeida Filho e pela representante da Secretaria de Estado de Desenvolvimento Social, Ana Maria Reis. Foram discutidas novas estrat\u00e9gias e pol\u00edticas p\u00fablicas, ou seja, atividades de lazer, cursos, oficinas, a\u00e7\u00f5es art\u00edsticas e culturais, entre outras, para conscientizar e promover o bem-estar destas crian\u00e7as e adolescentes.<\/p>\n<p style=\"text-align: justify;\">At\u00e9 os 13 anos, as crian\u00e7as s\u00e3o proibidas de trabalhar e esta viola\u00e7\u00e3o configura crime. O prefeito Grego reafirmou o compromisso com o desenvolvimento dos jovens da cidade. \u201cVamos at\u00e9 as fam\u00edlias mais carentes que tenham crian\u00e7as trabalhando, seja no campo, oficinas mec\u00e2nicas ou em servi\u00e7os ilegais, e vamos oferecer aprendizagem, crescimento saud\u00e1vel e oportunidades. Precisamos incentivar os estudos destes adolescentes, pois assim conseguiremos erradicar o trabalho infantil em nossa cidade e ofereceremos a eles um novo caminho\u201d, ponderou o prefeito.&nbsp;<\/p>\n","protected":false},"excerpt":{"rendered":"<p>Reuni\u00e3o discutiu a\u00e7\u00f5es para proteger crian\u00e7as e adolescentes na cidade A Prefeitura de Muria\u00e9 realizou nesta segunda-feira (12) \u2013 Dia Mundial Contra o Trabalho Infantil &#8211; uma mesa redonda sobre o tema com autoridades da cidade para estudar estrat\u00e9gias para prote\u00e7\u00e3o de crian\u00e7as e adolescentes na faixa et\u00e1ria entre 13 e 16 anos, idade em [&hellip;]<\/p>\n","protected":false},"author":6,"featured_media":39383,"comment_status":"open","ping_status":"closed","sticky":false,"template":"","format":"standard","meta":{"_joinchat":[],"footnotes":""},"categories":[1],"tags":[],"class_list":["post-39382","post","type-post","status-publish","format-standard","has-post-thumbnail","hentry","category-sem-categoria"],"_links":{"self":[{"href":"http:\/\/folhadosudeste.com\/site\/index.php?rest_route=\/wp\/v2\/posts\/39382","targetHints":{"allow":["GET"]}}],"collection":[{"href":"http:\/\/folhadosudeste.com\/site\/index.php?rest_route=\/wp\/v2\/posts"}],"about":[{"href":"http:\/\/folhadosudeste.com\/site\/index.php?rest_route=\/wp\/v2\/types\/post"}],"author":[{"embeddable":true,"href":"http:\/\/folhadosudeste.com\/site\/index.php?rest_route=\/wp\/v2\/users\/6"}],"replies":[{"embeddable":true,"href":"http:\/\/folhadosudeste.com\/site\/index.php?rest_route=%2Fwp%2Fv2%2Fcomments&post=39382"}],"version-history":[{"count":1,"href":"http:\/\/folhadosudeste.com\/site\/index.php?rest_route=\/wp\/v2\/posts\/39382\/revisions"}],"predecessor-version":[{"id":39384,"href":"http:\/\/folhadosudeste.com\/site\/index.php?rest_route=\/wp\/v2\/posts\/39382\/revisions\/39384"}],"wp:featuredmedia":[{"embeddable":true,"href":"http:\/\/folhadosudeste.com\/site\/index.php?rest_route=\/wp\/v2\/media\/39383"}],"wp:attachment":[{"href":"http:\/\/folhadosudeste.com\/site\/index.php?rest_route=%2Fwp%2Fv2%2Fmedia&parent=39382"}],"wp:term":[{"taxonomy":"category","embeddable":true,"href":"http:\/\/folhadosudeste.com\/site\/index.php?rest_route=%2Fwp%2Fv2%2Fcategories&post=39382"},{"taxonomy":"post_tag","embeddable":true,"href":"http:\/\/folhadosudeste.com\/site\/index.php?rest_route=%2Fwp%2Fv2%2Ftags&post=39382"}],"curies":[{"name":"wp","href":"https:\/\/api.w.org\/{rel}","templated":true}]}}