{"id":39387,"date":"2017-06-15T20:09:50","date_gmt":"2017-06-15T20:09:50","guid":{"rendered":"http:\/\/folhadosudeste.com\/site\/?p=39387"},"modified":"2017-06-16T22:03:02","modified_gmt":"2017-06-16T22:03:02","slug":"paroquia-santa-cruz-convida-para-procissao-de-corpus-christi","status":"publish","type":"post","link":"http:\/\/folhadosudeste.com\/site\/?p=39387","title":{"rendered":"PAR\u00d3QUIA SANTA CRUZ CONVIDA PARA PROCISS\u00c3O DE CORPUS  CHRISTI"},"content":{"rendered":"<p><a href=\"http:\/\/folhadosudeste.com\/site\/?attachment_id=39389\" rel=\"attachment wp-att-39389\"><img loading=\"lazy\" decoding=\"async\" class=\"aligncenter size-full wp-image-39389\" src=\"http:\/\/folhadosudeste.com\/site\/wp-content\/uploads\/2017\/06\/0001.jpg\" alt=\"\" width=\"620\" height=\"413\" srcset=\"http:\/\/folhadosudeste.com\/site\/wp-content\/uploads\/2017\/06\/0001.jpg 620w, http:\/\/folhadosudeste.com\/site\/wp-content\/uploads\/2017\/06\/0001-300x200.jpg 300w\" sizes=\"auto, (max-width: 620px) 100vw, 620px\" \/><\/a><\/p>\n<p style=\"text-align: justify;\">A&nbsp;Par\u00f3quia Santa Cruz reuniu-se para confec\u00e7\u00e3o do tradicional tapete da prociss\u00e3o de Corpus Christi.&nbsp; Este ano a Prociss\u00e3o sa\u00edra do trevo pr\u00f3ximo a Escola Municipal Sebasti\u00e3o Laviola as 18:00 horas e seguir\u00e1 sentido a Comunidade Santo Expedito, rua da Cer\u00e2mica. Foi com muita alegria e uni\u00e3o que os paroquianos trabalharam juntos para confec\u00e7\u00e3o do tapete.<\/p>\n<p>&nbsp;<\/p>\n<p>[ngg_images source=&#8221;galleries&#8221; container_ids=&#8221;1016&#8243; display_type=&#8221;photocrati-nextgen_basic_thumbnails&#8221; override_thumbnail_settings=&#8221;0&#8243; thumbnail_width=&#8221;100&#8243; thumbnail_height=&#8221;75&#8243; thumbnail_crop=&#8221;1&#8243; images_per_page=&#8221;0&#8243; number_of_columns=&#8221;0&#8243; ajax_pagination=&#8221;0&#8243; show_all_in_lightbox=&#8221;0&#8243; use_imagebrowser_effect=&#8221;0&#8243; show_slideshow_link=&#8221;1&#8243; slideshow_link_text=&#8221;[Show as slideshow]&#8221; order_by=&#8221;sortorder&#8221; order_direction=&#8221;ASC&#8221; returns=&#8221;included&#8221; maximum_entity_count=&#8221;500&#8243;]<\/p>\n","protected":false},"excerpt":{"rendered":"<p>A&nbsp;Par\u00f3quia Santa Cruz reuniu-se para confec\u00e7\u00e3o do tradicional tapete da prociss\u00e3o de Corpus Christi.&nbsp; Este ano a Prociss\u00e3o sa\u00edra do trevo pr\u00f3ximo a Escola Municipal Sebasti\u00e3o Laviola as 18:00 horas e seguir\u00e1 sentido a Comunidade Santo Expedito, rua da Cer\u00e2mica. Foi com muita alegria e uni\u00e3o que os paroquianos trabalharam juntos para confec\u00e7\u00e3o do tapete. [&hellip;]<\/p>\n","protected":false},"author":3,"featured_media":39391,"comment_status":"open","ping_status":"closed","sticky":false,"template":"","format":"standard","meta":{"_joinchat":[],"footnotes":""},"categories":[1],"tags":[],"class_list":["post-39387","post","type-post","status-publish","format-standard","has-post-thumbnail","hentry","category-sem-categoria"],"_links":{"self":[{"href":"http:\/\/folhadosudeste.com\/site\/index.php?rest_route=\/wp\/v2\/posts\/39387","targetHints":{"allow":["GET"]}}],"collection":[{"href":"http:\/\/folhadosudeste.com\/site\/index.php?rest_route=\/wp\/v2\/posts"}],"about":[{"href":"http:\/\/folhadosudeste.com\/site\/index.php?rest_route=\/wp\/v2\/types\/post"}],"author":[{"embeddable":true,"href":"http:\/\/folhadosudeste.com\/site\/index.php?rest_route=\/wp\/v2\/users\/3"}],"replies":[{"embeddable":true,"href":"http:\/\/folhadosudeste.com\/site\/index.php?rest_route=%2Fwp%2Fv2%2Fcomments&post=39387"}],"version-history":[{"count":5,"href":"http:\/\/folhadosudeste.com\/site\/index.php?rest_route=\/wp\/v2\/posts\/39387\/revisions"}],"predecessor-version":[{"id":39934,"href":"http:\/\/folhadosudeste.com\/site\/index.php?rest_route=\/wp\/v2\/posts\/39387\/revisions\/39934"}],"wp:featuredmedia":[{"embeddable":true,"href":"http:\/\/folhadosudeste.com\/site\/index.php?rest_route=\/wp\/v2\/media\/39391"}],"wp:attachment":[{"href":"http:\/\/folhadosudeste.com\/site\/index.php?rest_route=%2Fwp%2Fv2%2Fmedia&parent=39387"}],"wp:term":[{"taxonomy":"category","embeddable":true,"href":"http:\/\/folhadosudeste.com\/site\/index.php?rest_route=%2Fwp%2Fv2%2Fcategories&post=39387"},{"taxonomy":"post_tag","embeddable":true,"href":"http:\/\/folhadosudeste.com\/site\/index.php?rest_route=%2Fwp%2Fv2%2Ftags&post=39387"}],"curies":[{"name":"wp","href":"https:\/\/api.w.org\/{rel}","templated":true}]}}