{"id":39611,"date":"2017-06-16T13:28:09","date_gmt":"2017-06-16T13:28:09","guid":{"rendered":"http:\/\/folhadosudeste.com\/site\/?p=39611"},"modified":"2017-06-16T13:28:09","modified_gmt":"2017-06-16T13:28:09","slug":"renzo-braz-se-reune-com-vereadores-de-tres-coracoes","status":"publish","type":"post","link":"http:\/\/folhadosudeste.com\/site\/?p=39611","title":{"rendered":"RENZO BRAZ SE RE\u00daNE COM VEREADORES DE TR\u00caS CORA\u00c7\u00d5ES"},"content":{"rendered":"<p style=\"text-align: justify;\">&nbsp;<a href=\"http:\/\/folhadosudeste.com\/site\/wp-content\/uploads\/2017\/06\/RENZO-3-CORA\u00c7\u00d5ES.jpeg\"><img loading=\"lazy\" decoding=\"async\" class=\"aligncenter size-full wp-image-39631\" src=\"http:\/\/folhadosudeste.com\/site\/wp-content\/uploads\/2017\/06\/RENZO-3-CORA\u00c7\u00d5ES.jpeg\" alt=\"\" width=\"620\" height=\"293\" srcset=\"http:\/\/folhadosudeste.com\/site\/wp-content\/uploads\/2017\/06\/RENZO-3-CORA\u00c7\u00d5ES.jpeg 620w, http:\/\/folhadosudeste.com\/site\/wp-content\/uploads\/2017\/06\/RENZO-3-CORA\u00c7\u00d5ES-300x142.jpeg 300w\" sizes=\"auto, (max-width: 620px) 100vw, 620px\" \/><\/a><\/p>\n<p style=\"text-align: justify;\">Renzo Braz se reuniu em Belo Horizonte, no dia 08\/06, com os vereadores por Tr\u00eas Cora\u00e7\u00f5es Dino Caminhoneiro e Ricardinho do G\u00e1s.<\/p>\n<p style=\"text-align: justify;\">As lideran\u00e7as apresentaram ao deputado algumas demandas do munic\u00edpio e Renzo Braz garantiu que continua trabalhando por Tr\u00eas Cora\u00e7\u00f5es, buscando ainda mais melhorias.<\/p>\n<p style=\"text-align: justify;\">Saiba mais na edi\u00e7\u00e3o 762 do Folha do Sudeste<\/p>\n","protected":false},"excerpt":{"rendered":"<p>&nbsp; Renzo Braz se reuniu em Belo Horizonte, no dia 08\/06, com os vereadores por Tr\u00eas Cora\u00e7\u00f5es Dino Caminhoneiro e Ricardinho do G\u00e1s. As lideran\u00e7as apresentaram ao deputado algumas demandas do munic\u00edpio e Renzo Braz garantiu que continua trabalhando por Tr\u00eas Cora\u00e7\u00f5es, buscando ainda mais melhorias. Saiba mais na edi\u00e7\u00e3o 762 do Folha do Sudeste<\/p>\n","protected":false},"author":2,"featured_media":39631,"comment_status":"open","ping_status":"closed","sticky":false,"template":"","format":"standard","meta":{"_joinchat":[],"footnotes":""},"categories":[1],"tags":[],"class_list":["post-39611","post","type-post","status-publish","format-standard","has-post-thumbnail","hentry","category-sem-categoria"],"_links":{"self":[{"href":"http:\/\/folhadosudeste.com\/site\/index.php?rest_route=\/wp\/v2\/posts\/39611","targetHints":{"allow":["GET"]}}],"collection":[{"href":"http:\/\/folhadosudeste.com\/site\/index.php?rest_route=\/wp\/v2\/posts"}],"about":[{"href":"http:\/\/folhadosudeste.com\/site\/index.php?rest_route=\/wp\/v2\/types\/post"}],"author":[{"embeddable":true,"href":"http:\/\/folhadosudeste.com\/site\/index.php?rest_route=\/wp\/v2\/users\/2"}],"replies":[{"embeddable":true,"href":"http:\/\/folhadosudeste.com\/site\/index.php?rest_route=%2Fwp%2Fv2%2Fcomments&post=39611"}],"version-history":[{"count":2,"href":"http:\/\/folhadosudeste.com\/site\/index.php?rest_route=\/wp\/v2\/posts\/39611\/revisions"}],"predecessor-version":[{"id":39632,"href":"http:\/\/folhadosudeste.com\/site\/index.php?rest_route=\/wp\/v2\/posts\/39611\/revisions\/39632"}],"wp:featuredmedia":[{"embeddable":true,"href":"http:\/\/folhadosudeste.com\/site\/index.php?rest_route=\/wp\/v2\/media\/39631"}],"wp:attachment":[{"href":"http:\/\/folhadosudeste.com\/site\/index.php?rest_route=%2Fwp%2Fv2%2Fmedia&parent=39611"}],"wp:term":[{"taxonomy":"category","embeddable":true,"href":"http:\/\/folhadosudeste.com\/site\/index.php?rest_route=%2Fwp%2Fv2%2Fcategories&post=39611"},{"taxonomy":"post_tag","embeddable":true,"href":"http:\/\/folhadosudeste.com\/site\/index.php?rest_route=%2Fwp%2Fv2%2Ftags&post=39611"}],"curies":[{"name":"wp","href":"https:\/\/api.w.org\/{rel}","templated":true}]}}