{"id":39941,"date":"2017-06-19T18:32:27","date_gmt":"2017-06-19T18:32:27","guid":{"rendered":"http:\/\/folhadosudeste.com\/site\/?p=39941"},"modified":"2017-06-19T21:40:47","modified_gmt":"2017-06-19T21:40:47","slug":"festa-da-cidade-de-ervalia-grandes-atracoes-em-comemoracao-aos-78-anos-de-historia","status":"publish","type":"post","link":"http:\/\/folhadosudeste.com\/site\/?p=39941","title":{"rendered":"FESTA DA CIDADE DE ERV\u00c1LIA: GRANDES ATRA\u00c7\u00d5ES EM COMEMORA\u00c7\u00c3O AOS 78 ANOS DE HIST\u00d3RIA"},"content":{"rendered":"<p><a href=\"http:\/\/folhadosudeste.com\/site\/wp-content\/uploads\/2017\/06\/DSC_0145.jpg\"><img loading=\"lazy\" decoding=\"async\" class=\"aligncenter wp-image-39942 size-full\" src=\"http:\/\/folhadosudeste.com\/site\/wp-content\/uploads\/2017\/06\/DSC_0145.jpg\" alt=\"\" width=\"800\" height=\"530\" srcset=\"http:\/\/folhadosudeste.com\/site\/wp-content\/uploads\/2017\/06\/DSC_0145.jpg 800w, http:\/\/folhadosudeste.com\/site\/wp-content\/uploads\/2017\/06\/DSC_0145-300x199.jpg 300w, http:\/\/folhadosudeste.com\/site\/wp-content\/uploads\/2017\/06\/DSC_0145-768x509.jpg 768w\" sizes=\"auto, (max-width: 800px) 100vw, 800px\" \/><\/a><\/p>\n<p style=\"text-align: justify;\">Foi realizado no \u00faltimo final de semana a Festa da Cidade de Erv\u00e1lia, em edi\u00e7\u00e3o comemorativa aos seus 78 anos de hist\u00f3ria. O evento foi realizado no Parque de Exposi\u00e7\u00f5es Tatic\u00e3o, com uma excelente estrutura, dois grandes palcos, barracas, parque de divers\u00f5es e v\u00e1rias atra\u00e7\u00f5es musicais, com entrada franca todos os dias. Na sexta-feira (16), a anima\u00e7\u00e3o ficou por conta de Beto Kau\u00ea, Lex Luthor e DJ Ac\u00e1cio. No s\u00e1bado (17), foi a vez da dupla Nandinho e Nego Bam, Renan &amp; Rafel e Chapahalls. E, para encerrar com chave de ouro, a renomada dupla Gino &amp; Geno, banda Free Farra e DJ Lauro.<\/p>\n<p style=\"text-align: justify;\">O prefeito de Erv\u00e1lia, Elo\u00edsio Cunha, comemorou o sucesso da festa, recebendo um p\u00fablico enorme. <em>\u201cT\u00ednhamos a certeza de que a festa seria muito boa. \u00c9 uma honra muito grande para mim, pessoa simples, ser o prefeito de Erv\u00e1lia, eleito no dia 12 de mar\u00e7o, tomando posse em 2 de abril, e j\u00e1 conseguindo, junto a meu vice e equipe, proporcionar uma festa deste porte para a popula\u00e7\u00e3o. Nos empenharemos cada dia mais em fazer o bem para a cidade e para o povo, que merece. \u00c9 um grande orgulho poder comemorar esses 78 anos de hist\u00f3ria, mas n\u00e3o vamos parar por a\u00ed. Temos ainda muitos planos de melhoria da infra-estrutura do munic\u00edpio e da qualidade de vida de nossos 20 mil habitantes\u201d,<\/em> destaca. MAT\u00c9RIA COMPLETA NA EDI\u00c7\u00c3O 763 DO JORNAL FOLHA DO SUDESTE.<\/p>\n<p>[ngg_images source=&#8221;galleries&#8221; container_ids=&#8221;1027&#8243; exclusions=&#8221;14812&#8243; display_type=&#8221;photocrati-nextgen_basic_thumbnails&#8221; override_thumbnail_settings=&#8221;0&#8243; thumbnail_width=&#8221;100&#8243; thumbnail_height=&#8221;75&#8243; thumbnail_crop=&#8221;1&#8243; images_per_page=&#8221;0&#8243; number_of_columns=&#8221;0&#8243; ajax_pagination=&#8221;0&#8243; show_all_in_lightbox=&#8221;0&#8243; use_imagebrowser_effect=&#8221;0&#8243; show_slideshow_link=&#8221;1&#8243; slideshow_link_text=&#8221;[Show as slideshow]&#8221; order_by=&#8221;sortorder&#8221; order_direction=&#8221;ASC&#8221; returns=&#8221;included&#8221; maximum_entity_count=&#8221;500&#8243;]<\/p>\n","protected":false},"excerpt":{"rendered":"<p>Foi realizado no \u00faltimo final de semana a Festa da Cidade de Erv\u00e1lia, em edi\u00e7\u00e3o comemorativa aos seus 78 anos de hist\u00f3ria. O evento foi realizado no Parque de Exposi\u00e7\u00f5es Tatic\u00e3o, com uma excelente estrutura, dois grandes palcos, barracas, parque de divers\u00f5es e v\u00e1rias atra\u00e7\u00f5es musicais, com entrada franca todos os dias. Na sexta-feira (16), [&hellip;]<\/p>\n","protected":false},"author":6,"featured_media":39942,"comment_status":"open","ping_status":"closed","sticky":false,"template":"","format":"standard","meta":{"_joinchat":[],"footnotes":""},"categories":[1],"tags":[],"class_list":["post-39941","post","type-post","status-publish","format-standard","has-post-thumbnail","hentry","category-sem-categoria"],"_links":{"self":[{"href":"http:\/\/folhadosudeste.com\/site\/index.php?rest_route=\/wp\/v2\/posts\/39941","targetHints":{"allow":["GET"]}}],"collection":[{"href":"http:\/\/folhadosudeste.com\/site\/index.php?rest_route=\/wp\/v2\/posts"}],"about":[{"href":"http:\/\/folhadosudeste.com\/site\/index.php?rest_route=\/wp\/v2\/types\/post"}],"author":[{"embeddable":true,"href":"http:\/\/folhadosudeste.com\/site\/index.php?rest_route=\/wp\/v2\/users\/6"}],"replies":[{"embeddable":true,"href":"http:\/\/folhadosudeste.com\/site\/index.php?rest_route=%2Fwp%2Fv2%2Fcomments&post=39941"}],"version-history":[{"count":4,"href":"http:\/\/folhadosudeste.com\/site\/index.php?rest_route=\/wp\/v2\/posts\/39941\/revisions"}],"predecessor-version":[{"id":40101,"href":"http:\/\/folhadosudeste.com\/site\/index.php?rest_route=\/wp\/v2\/posts\/39941\/revisions\/40101"}],"wp:featuredmedia":[{"embeddable":true,"href":"http:\/\/folhadosudeste.com\/site\/index.php?rest_route=\/wp\/v2\/media\/39942"}],"wp:attachment":[{"href":"http:\/\/folhadosudeste.com\/site\/index.php?rest_route=%2Fwp%2Fv2%2Fmedia&parent=39941"}],"wp:term":[{"taxonomy":"category","embeddable":true,"href":"http:\/\/folhadosudeste.com\/site\/index.php?rest_route=%2Fwp%2Fv2%2Fcategories&post=39941"},{"taxonomy":"post_tag","embeddable":true,"href":"http:\/\/folhadosudeste.com\/site\/index.php?rest_route=%2Fwp%2Fv2%2Ftags&post=39941"}],"curies":[{"name":"wp","href":"https:\/\/api.w.org\/{rel}","templated":true}]}}