{"id":40090,"date":"2017-06-19T18:58:56","date_gmt":"2017-06-19T18:58:56","guid":{"rendered":"http:\/\/folhadosudeste.com\/site\/?p=40090"},"modified":"2017-06-19T18:58:56","modified_gmt":"2017-06-19T18:58:56","slug":"prefeitura-prorroga-refinanciamento-de-dividas-ate-11-de-agosto","status":"publish","type":"post","link":"http:\/\/folhadosudeste.com\/site\/?p=40090","title":{"rendered":"PREFEITURA PRORROGA REFINANCIAMENTO DE D\u00cdVIDAS AT\u00c9 11 DE AGOSTO"},"content":{"rendered":"<p style=\"text-align: center;\"><a href=\"http:\/\/folhadosudeste.com\/site\/wp-content\/uploads\/2017\/06\/785a01016472bad85e9c2c62ff11e528.DSC03866.jpg\"><img loading=\"lazy\" decoding=\"async\" class=\"aligncenter wp-image-40091 size-full\" src=\"http:\/\/folhadosudeste.com\/site\/wp-content\/uploads\/2017\/06\/785a01016472bad85e9c2c62ff11e528.DSC03866.jpg\" alt=\"\" width=\"600\" height=\"444\" srcset=\"http:\/\/folhadosudeste.com\/site\/wp-content\/uploads\/2017\/06\/785a01016472bad85e9c2c62ff11e528.DSC03866.jpg 600w, http:\/\/folhadosudeste.com\/site\/wp-content\/uploads\/2017\/06\/785a01016472bad85e9c2c62ff11e528.DSC03866-300x222.jpg 300w\" sizes=\"auto, (max-width: 600px) 100vw, 600px\" \/><\/a><\/p>\n<p style=\"text-align: center;\"><i>Devido \u00e0 alta procura nos \u00faltimos dias, prazo do Refim foi estendido para garantir atendimento a todos<\/i><\/p>\n<p style=\"text-align: justify;\">O programa de Recupera\u00e7\u00e3o Extraodin\u00e1ria de Cr\u00e9ditos da D\u00edvida Ativa Municipal (Refim), promovido pela Prefeitura de Muria\u00e9 para incentivar a popula\u00e7\u00e3o a quitar impostos, taxas e tributos em atraso, foi prorrogado at\u00e9 11 de agosto. O novo prazo, estipulado em virtude da alta procura nos \u00faltimos dias, permitir\u00e1 melhor atendimento \u00e0 popula\u00e7\u00e3o.<br \/>\n&nbsp;<br \/>\nO programa oferece, aos contribuintes em d\u00e9bito com a Prefeitura e\/ou com o Demsur, refinanciamento das d\u00edvidas e descontos de at\u00e9 100% sobre valores de juros e multas. Para isso, o atendimento no setor de D\u00edvida Ativa (Centro Administrativo? Se sim, incluir) acontece em hor\u00e1rio estendido, sempre de segunda a sexta-feira (exceto em feriados), das 7h \u00e0s 17h, sem interrup\u00e7\u00e3o. Vale destacar que o valor m\u00ednimo da parcela \u00e9 de R$50 para pessoas f\u00edsicas e de R$100 para pessoas jur\u00eddicas.<br \/>\n&nbsp;<br \/>\nO prefeito Grego pede para que a popula\u00e7\u00e3o antecipe a vinda \u00e0 Prefeitura, evitando deixar para resolver a quest\u00e3o na \u00faltima hora. &#8220;O prazo foi prorrogado para que todos possam ser atendidos&#8221;, destaca. &#8220;Al\u00e9m de facilitar o pagamento de impostos atrasados, o Refim permite ainda que os muriaeenses possam contribuir com a constru\u00e7\u00e3o de um novo caminho para nossa cidade. Pois, com mais recursos em caixa, teremos mais capacidade de investir em obras e a\u00e7\u00f5es para melhorar Muria\u00e9&#8221;, completa o prefeito.<\/p>\n","protected":false},"excerpt":{"rendered":"<p>Devido \u00e0 alta procura nos \u00faltimos dias, prazo do Refim foi estendido para garantir atendimento a todos O programa de Recupera\u00e7\u00e3o Extraodin\u00e1ria de Cr\u00e9ditos da D\u00edvida Ativa Municipal (Refim), promovido pela Prefeitura de Muria\u00e9 para incentivar a popula\u00e7\u00e3o a quitar impostos, taxas e tributos em atraso, foi prorrogado at\u00e9 11 de agosto. O novo prazo, [&hellip;]<\/p>\n","protected":false},"author":6,"featured_media":40091,"comment_status":"open","ping_status":"closed","sticky":false,"template":"","format":"standard","meta":{"_joinchat":[],"footnotes":""},"categories":[1],"tags":[],"class_list":["post-40090","post","type-post","status-publish","format-standard","has-post-thumbnail","hentry","category-sem-categoria"],"_links":{"self":[{"href":"http:\/\/folhadosudeste.com\/site\/index.php?rest_route=\/wp\/v2\/posts\/40090","targetHints":{"allow":["GET"]}}],"collection":[{"href":"http:\/\/folhadosudeste.com\/site\/index.php?rest_route=\/wp\/v2\/posts"}],"about":[{"href":"http:\/\/folhadosudeste.com\/site\/index.php?rest_route=\/wp\/v2\/types\/post"}],"author":[{"embeddable":true,"href":"http:\/\/folhadosudeste.com\/site\/index.php?rest_route=\/wp\/v2\/users\/6"}],"replies":[{"embeddable":true,"href":"http:\/\/folhadosudeste.com\/site\/index.php?rest_route=%2Fwp%2Fv2%2Fcomments&post=40090"}],"version-history":[{"count":1,"href":"http:\/\/folhadosudeste.com\/site\/index.php?rest_route=\/wp\/v2\/posts\/40090\/revisions"}],"predecessor-version":[{"id":40092,"href":"http:\/\/folhadosudeste.com\/site\/index.php?rest_route=\/wp\/v2\/posts\/40090\/revisions\/40092"}],"wp:featuredmedia":[{"embeddable":true,"href":"http:\/\/folhadosudeste.com\/site\/index.php?rest_route=\/wp\/v2\/media\/40091"}],"wp:attachment":[{"href":"http:\/\/folhadosudeste.com\/site\/index.php?rest_route=%2Fwp%2Fv2%2Fmedia&parent=40090"}],"wp:term":[{"taxonomy":"category","embeddable":true,"href":"http:\/\/folhadosudeste.com\/site\/index.php?rest_route=%2Fwp%2Fv2%2Fcategories&post=40090"},{"taxonomy":"post_tag","embeddable":true,"href":"http:\/\/folhadosudeste.com\/site\/index.php?rest_route=%2Fwp%2Fv2%2Ftags&post=40090"}],"curies":[{"name":"wp","href":"https:\/\/api.w.org\/{rel}","templated":true}]}}