{"id":40151,"date":"2017-06-23T13:45:36","date_gmt":"2017-06-23T13:45:36","guid":{"rendered":"http:\/\/folhadosudeste.com\/site\/?p=40151"},"modified":"2017-06-23T13:45:36","modified_gmt":"2017-06-23T13:45:36","slug":"prefeitura-prorroga-refinanciamento-de-dividas-ate-11-de-agosto-2","status":"publish","type":"post","link":"http:\/\/folhadosudeste.com\/site\/?p=40151","title":{"rendered":"PREFEITURA PRORROGA REFINANCIAMENTO DE D\u00cdVIDAS AT\u00c9 11 DE AGOSTO"},"content":{"rendered":"<p style=\"text-align: justify;\"><a href=\"http:\/\/folhadosudeste.com\/site\/wp-content\/uploads\/2017\/06\/DIVIDAS.jpg\"><img loading=\"lazy\" decoding=\"async\" class=\"aligncenter size-full wp-image-40152\" src=\"http:\/\/folhadosudeste.com\/site\/wp-content\/uploads\/2017\/06\/DIVIDAS.jpg\" alt=\"\" width=\"620\" height=\"253\" srcset=\"http:\/\/folhadosudeste.com\/site\/wp-content\/uploads\/2017\/06\/DIVIDAS.jpg 620w, http:\/\/folhadosudeste.com\/site\/wp-content\/uploads\/2017\/06\/DIVIDAS-300x122.jpg 300w\" sizes=\"auto, (max-width: 620px) 100vw, 620px\" \/><\/a><\/p>\n<p style=\"text-align: justify;\"><strong>Devido \u00e0 alta procura nos \u00faltimos dias, prazo do Refim foi estendido para garantir atendimento a todos<\/strong><\/p>\n<p style=\"text-align: justify;\">O programa de Recupera\u00e7\u00e3o Extraodin\u00e1ria de Cr\u00e9ditos da D\u00edvida Ativa Municipal (Refim), promovido pela Prefeitura de Muria\u00e9 para incentivar a popula\u00e7\u00e3o a quitar impostos, taxas e tributos em atraso, foi prorrogado at\u00e9 11 de agosto. O novo prazo, estipulado em virtude da alta procura nos \u00faltimos dias, permitir\u00e1 melhor atendimento \u00e0 popula\u00e7\u00e3o.<\/p>\n<p style=\"text-align: justify;\">O programa oferece, aos contribuintes em d\u00e9bito com a Prefeitura e\/ou com o Demsur, refinanciamento das d\u00edvidas e descontos de at\u00e9 100% sobre valores de juros e multas. Para isso, o atendimento no setor de D\u00edvida Ativa (Centro &nbsp;Administrativo? Se sim, incluir) acontece em hor\u00e1rio estendido, sempre de segunda a sexta-feira (exceto em feriados), das 7h \u00e0s 17h, sem interrup\u00e7\u00e3o. Vale destacar que o valor m\u00ednimo da parcela \u00e9 de R$50 para pessoas f\u00edsicas e de R$100 para pessoas jur\u00eddicas.<\/p>\n<p style=\"text-align: justify;\">O prefeito Grego pede para que a popula\u00e7\u00e3o antecipe a vinda \u00e0 Prefeitura, evitando deixar para resolver a quest\u00e3o na \u00faltima hora. &#8220;O prazo foi prorrogado para que todos possam ser atendidos&#8221;, destaca. &#8220;Al\u00e9m de facilitar o pagamento de impostos atrasados, o Refim permite ainda que os muriaeenses possam contribuir com a constru\u00e7\u00e3o de um novo caminho para nossa cidade. Pois, com mais recursos em caixa, teremos mais capacidade de investir em obras e a\u00e7\u00f5es para melhorar Muria\u00e9&#8221;, completa o prefeito.<\/p>\n<p style=\"text-align: justify;\">Saiba mais na edi\u00e7\u00e3o 763 do Folha do Sudeste<\/p>\n","protected":false},"excerpt":{"rendered":"<p>Devido \u00e0 alta procura nos \u00faltimos dias, prazo do Refim foi estendido para garantir atendimento a todos O programa de Recupera\u00e7\u00e3o Extraodin\u00e1ria de Cr\u00e9ditos da D\u00edvida Ativa Municipal (Refim), promovido pela Prefeitura de Muria\u00e9 para incentivar a popula\u00e7\u00e3o a quitar impostos, taxas e tributos em atraso, foi prorrogado at\u00e9 11 de agosto. O novo prazo, [&hellip;]<\/p>\n","protected":false},"author":2,"featured_media":40152,"comment_status":"open","ping_status":"closed","sticky":false,"template":"","format":"standard","meta":{"_joinchat":[],"footnotes":""},"categories":[1],"tags":[],"class_list":["post-40151","post","type-post","status-publish","format-standard","has-post-thumbnail","hentry","category-sem-categoria"],"_links":{"self":[{"href":"http:\/\/folhadosudeste.com\/site\/index.php?rest_route=\/wp\/v2\/posts\/40151","targetHints":{"allow":["GET"]}}],"collection":[{"href":"http:\/\/folhadosudeste.com\/site\/index.php?rest_route=\/wp\/v2\/posts"}],"about":[{"href":"http:\/\/folhadosudeste.com\/site\/index.php?rest_route=\/wp\/v2\/types\/post"}],"author":[{"embeddable":true,"href":"http:\/\/folhadosudeste.com\/site\/index.php?rest_route=\/wp\/v2\/users\/2"}],"replies":[{"embeddable":true,"href":"http:\/\/folhadosudeste.com\/site\/index.php?rest_route=%2Fwp%2Fv2%2Fcomments&post=40151"}],"version-history":[{"count":1,"href":"http:\/\/folhadosudeste.com\/site\/index.php?rest_route=\/wp\/v2\/posts\/40151\/revisions"}],"predecessor-version":[{"id":40153,"href":"http:\/\/folhadosudeste.com\/site\/index.php?rest_route=\/wp\/v2\/posts\/40151\/revisions\/40153"}],"wp:featuredmedia":[{"embeddable":true,"href":"http:\/\/folhadosudeste.com\/site\/index.php?rest_route=\/wp\/v2\/media\/40152"}],"wp:attachment":[{"href":"http:\/\/folhadosudeste.com\/site\/index.php?rest_route=%2Fwp%2Fv2%2Fmedia&parent=40151"}],"wp:term":[{"taxonomy":"category","embeddable":true,"href":"http:\/\/folhadosudeste.com\/site\/index.php?rest_route=%2Fwp%2Fv2%2Fcategories&post=40151"},{"taxonomy":"post_tag","embeddable":true,"href":"http:\/\/folhadosudeste.com\/site\/index.php?rest_route=%2Fwp%2Fv2%2Ftags&post=40151"}],"curies":[{"name":"wp","href":"https:\/\/api.w.org\/{rel}","templated":true}]}}