{"id":40157,"date":"2017-06-23T13:47:06","date_gmt":"2017-06-23T13:47:06","guid":{"rendered":"http:\/\/folhadosudeste.com\/site\/?p=40157"},"modified":"2017-06-23T13:47:06","modified_gmt":"2017-06-23T13:47:06","slug":"braulio-braz-recebe-liderancas-de-eugenopolis","status":"publish","type":"post","link":"http:\/\/folhadosudeste.com\/site\/?p=40157","title":{"rendered":"BRAULIO BRAZ RECEBE LIDERAN\u00c7AS DE EUGEN\u00d3POLIS"},"content":{"rendered":"<p style=\"text-align: justify;\"><a href=\"http:\/\/folhadosudeste.com\/site\/wp-content\/uploads\/2017\/06\/BRAULIO-EUGENOPOLIS.jpg\"><img loading=\"lazy\" decoding=\"async\" class=\"aligncenter size-full wp-image-40158\" src=\"http:\/\/folhadosudeste.com\/site\/wp-content\/uploads\/2017\/06\/BRAULIO-EUGENOPOLIS.jpg\" alt=\"\" width=\"620\" height=\"236\" srcset=\"http:\/\/folhadosudeste.com\/site\/wp-content\/uploads\/2017\/06\/BRAULIO-EUGENOPOLIS.jpg 620w, http:\/\/folhadosudeste.com\/site\/wp-content\/uploads\/2017\/06\/BRAULIO-EUGENOPOLIS-300x114.jpg 300w\" sizes=\"auto, (max-width: 620px) 100vw, 620px\" \/><\/a><\/p>\n<p style=\"text-align: justify;\">O deputado estadual Braulio Braz esteve reunido, na manh\u00e3 da \u00faltima sexta-feira (16\/06), com o vice-prefeito e presidente do PTB de Eugen\u00f3polis, Maur\u00edcio da Silva Milani (Maur\u00edcio da Farm\u00e1cia), e com os vereadores Sarney Vasques &nbsp;Elesb\u00e3o e Ronan Jos\u00e9 Sim\u00f5es Lopes. Durante o encontro, Maur\u00edcio da Farm\u00e1cia solicitou o apoio do parlamentar e citou a gest\u00e3o transparente e de qualidade que vem realizando ao lado do prefeito Vasco Navarro.<\/p>\n<p style=\"text-align: justify;\">Ainda segundo o vice-prefeito, a reuni\u00e3o com as lideran\u00e7as \u00e9 para proporcionar novos projetos e um trabalho s\u00e9rio, com o incremento da ajuda do deputado Braulio. &#8220;Sabemos que o pa\u00eds, e o nosso Estado, passam por momentos dif\u00edceis e, principalmente, a nossa prefeitura, ficou sem investimentos, durante muito tempo, em algumas \u00e1reas. Viemos buscar recursos, junto ao deputado Braulio, pois sabemos de seu trabalho, em favor da popula\u00e7\u00e3o mineira, e acreditamos que nossa cidade melhorar\u00e1, e muito&#8221;, disse.<\/p>\n<p style=\"text-align: justify;\">\u00c9 apoiando o desenvolvimento de Minas Gerais que Braulio Braz renova sua responsabilidade como representante p\u00fablico. Os muitos feitos, que atendem diversas \u00e1reas, visam uma sociedade civil mais igualit\u00e1ria, digna e eficiente, no quesito da oferta dos servi\u00e7os b\u00e1sicos. &#8220;Nosso Estado \u00e9 destaque e exemplo para os demais. A tarefa n\u00e3o \u00e9 s\u00f3 assumir um mandato, \u00e9 preciso que o parlamentar honre a confian\u00e7a de seus eleitores e trabalhe pelo equil\u00edbrio do poder e pelas causas da popula\u00e7\u00e3o, proporcionando melhorias&#8221;, ressaltou o deputado.<\/p>\n<p style=\"text-align: justify;\">Saiba mais na edi\u00e7\u00e3o 763 do Folha do Sudeste<\/p>\n","protected":false},"excerpt":{"rendered":"<p>O deputado estadual Braulio Braz esteve reunido, na manh\u00e3 da \u00faltima sexta-feira (16\/06), com o vice-prefeito e presidente do PTB de Eugen\u00f3polis, Maur\u00edcio da Silva Milani (Maur\u00edcio da Farm\u00e1cia), e com os vereadores Sarney Vasques &nbsp;Elesb\u00e3o e Ronan Jos\u00e9 Sim\u00f5es Lopes. Durante o encontro, Maur\u00edcio da Farm\u00e1cia solicitou o apoio do parlamentar e citou a [&hellip;]<\/p>\n","protected":false},"author":2,"featured_media":40158,"comment_status":"open","ping_status":"closed","sticky":false,"template":"","format":"standard","meta":{"_joinchat":[],"footnotes":""},"categories":[1],"tags":[],"class_list":["post-40157","post","type-post","status-publish","format-standard","has-post-thumbnail","hentry","category-sem-categoria"],"_links":{"self":[{"href":"http:\/\/folhadosudeste.com\/site\/index.php?rest_route=\/wp\/v2\/posts\/40157","targetHints":{"allow":["GET"]}}],"collection":[{"href":"http:\/\/folhadosudeste.com\/site\/index.php?rest_route=\/wp\/v2\/posts"}],"about":[{"href":"http:\/\/folhadosudeste.com\/site\/index.php?rest_route=\/wp\/v2\/types\/post"}],"author":[{"embeddable":true,"href":"http:\/\/folhadosudeste.com\/site\/index.php?rest_route=\/wp\/v2\/users\/2"}],"replies":[{"embeddable":true,"href":"http:\/\/folhadosudeste.com\/site\/index.php?rest_route=%2Fwp%2Fv2%2Fcomments&post=40157"}],"version-history":[{"count":1,"href":"http:\/\/folhadosudeste.com\/site\/index.php?rest_route=\/wp\/v2\/posts\/40157\/revisions"}],"predecessor-version":[{"id":40159,"href":"http:\/\/folhadosudeste.com\/site\/index.php?rest_route=\/wp\/v2\/posts\/40157\/revisions\/40159"}],"wp:featuredmedia":[{"embeddable":true,"href":"http:\/\/folhadosudeste.com\/site\/index.php?rest_route=\/wp\/v2\/media\/40158"}],"wp:attachment":[{"href":"http:\/\/folhadosudeste.com\/site\/index.php?rest_route=%2Fwp%2Fv2%2Fmedia&parent=40157"}],"wp:term":[{"taxonomy":"category","embeddable":true,"href":"http:\/\/folhadosudeste.com\/site\/index.php?rest_route=%2Fwp%2Fv2%2Fcategories&post=40157"},{"taxonomy":"post_tag","embeddable":true,"href":"http:\/\/folhadosudeste.com\/site\/index.php?rest_route=%2Fwp%2Fv2%2Ftags&post=40157"}],"curies":[{"name":"wp","href":"https:\/\/api.w.org\/{rel}","templated":true}]}}