{"id":40160,"date":"2017-06-23T13:47:55","date_gmt":"2017-06-23T13:47:55","guid":{"rendered":"http:\/\/folhadosudeste.com\/site\/?p=40160"},"modified":"2017-06-23T13:47:55","modified_gmt":"2017-06-23T13:47:55","slug":"braulio-braz-participa-de-reuniao-que-debate-a-retomada-das-atividades-da-mineradora-samarco","status":"publish","type":"post","link":"http:\/\/folhadosudeste.com\/site\/?p=40160","title":{"rendered":"BRAULIO BRAZ PARTICIPA DE REUNI\u00c3O QUE DEBATE A RETOMADA DAS ATIVIDADES DA MINERADORA SAMARCO"},"content":{"rendered":"<p style=\"text-align: justify;\"><a href=\"http:\/\/folhadosudeste.com\/site\/wp-content\/uploads\/2017\/06\/BRAULIO-SAMARCO.jpg\"><img loading=\"lazy\" decoding=\"async\" class=\"aligncenter size-full wp-image-40161\" src=\"http:\/\/folhadosudeste.com\/site\/wp-content\/uploads\/2017\/06\/BRAULIO-SAMARCO.jpg\" alt=\"\" width=\"620\" height=\"273\" srcset=\"http:\/\/folhadosudeste.com\/site\/wp-content\/uploads\/2017\/06\/BRAULIO-SAMARCO.jpg 620w, http:\/\/folhadosudeste.com\/site\/wp-content\/uploads\/2017\/06\/BRAULIO-SAMARCO-300x132.jpg 300w\" sizes=\"auto, (max-width: 620px) 100vw, 620px\" \/><\/a><\/p>\n<p style=\"text-align: justify;\">Na tarde de segunda-feira (20\/06), o deputado estadual Braulio Braz participou de uma reuni\u00e3o, pela Comiss\u00e3o de Desenvolvimento Econ\u00f4mico, no Minist\u00e9rio P\u00fablico de Minas Gerais (MPMG), debatendo o processo de retomada das atividades da mineradora Samarco, na cidade de Mariana, regi\u00e3o Central. Desde o rompimento da barragem de Fund\u00e3o, em novembro de 2015, a empresa est\u00e1 com os seus trabalhos paralisados.<\/p>\n<p style=\"text-align: justify;\">Estiveram presentes o tamb\u00e9m deputado, Roberto Andrade (PSB), presidente da Comiss\u00e3o de Desenvolvimento Econ\u00f4mico, integrantes da Procuradoria-Geral de Justi\u00e7a, da Coordena\u00e7\u00e3o da For\u00e7a-tarefa Caso Samarco e representantes do Minist\u00e9rio P\u00fablico. Os tr\u00eas promotores que conduziram o debate informaram que o MPMG coordena uma s\u00e9rie de a\u00e7\u00f5es que contribuir\u00e3o para que seja liberado o licenciamento ambiental da Samarco, mas que este ato \u00e9 de responsabilidade da Secretaria de Estado de Meio Ambiente e Desenvolvimento Sustent\u00e1vel (Semad).<\/p>\n<p style=\"text-align: justify;\">A inten\u00e7\u00e3o de os deputados participarem da reuni\u00e3o foi para que a Comiss\u00e3o, da ALMG, entenda a situa\u00e7\u00e3o \u00e0 qual se passa a mineradora. Braulio Braz acrescentou, ao final do encontro, que o enfoque do MP se volta para as quest\u00f5es sociais, ambientais e econ\u00f4micas. &#8220;\u00c9 preciso que sejam sanadas as necessidades existentes para que a mineradora retome as atividades, gerando empregos e renda para os munic\u00edpios, e para o Estado&#8221;, disse.<\/p>\n<p style=\"text-align: justify;\">Saiba mais na edi\u00e7\u00e3o 763 do Folha do Sudeste<\/p>\n","protected":false},"excerpt":{"rendered":"<p>Na tarde de segunda-feira (20\/06), o deputado estadual Braulio Braz participou de uma reuni\u00e3o, pela Comiss\u00e3o de Desenvolvimento Econ\u00f4mico, no Minist\u00e9rio P\u00fablico de Minas Gerais (MPMG), debatendo o processo de retomada das atividades da mineradora Samarco, na cidade de Mariana, regi\u00e3o Central. Desde o rompimento da barragem de Fund\u00e3o, em novembro de 2015, a empresa [&hellip;]<\/p>\n","protected":false},"author":2,"featured_media":40161,"comment_status":"open","ping_status":"closed","sticky":false,"template":"","format":"standard","meta":{"_joinchat":[],"footnotes":""},"categories":[1],"tags":[],"class_list":["post-40160","post","type-post","status-publish","format-standard","has-post-thumbnail","hentry","category-sem-categoria"],"_links":{"self":[{"href":"http:\/\/folhadosudeste.com\/site\/index.php?rest_route=\/wp\/v2\/posts\/40160","targetHints":{"allow":["GET"]}}],"collection":[{"href":"http:\/\/folhadosudeste.com\/site\/index.php?rest_route=\/wp\/v2\/posts"}],"about":[{"href":"http:\/\/folhadosudeste.com\/site\/index.php?rest_route=\/wp\/v2\/types\/post"}],"author":[{"embeddable":true,"href":"http:\/\/folhadosudeste.com\/site\/index.php?rest_route=\/wp\/v2\/users\/2"}],"replies":[{"embeddable":true,"href":"http:\/\/folhadosudeste.com\/site\/index.php?rest_route=%2Fwp%2Fv2%2Fcomments&post=40160"}],"version-history":[{"count":1,"href":"http:\/\/folhadosudeste.com\/site\/index.php?rest_route=\/wp\/v2\/posts\/40160\/revisions"}],"predecessor-version":[{"id":40162,"href":"http:\/\/folhadosudeste.com\/site\/index.php?rest_route=\/wp\/v2\/posts\/40160\/revisions\/40162"}],"wp:featuredmedia":[{"embeddable":true,"href":"http:\/\/folhadosudeste.com\/site\/index.php?rest_route=\/wp\/v2\/media\/40161"}],"wp:attachment":[{"href":"http:\/\/folhadosudeste.com\/site\/index.php?rest_route=%2Fwp%2Fv2%2Fmedia&parent=40160"}],"wp:term":[{"taxonomy":"category","embeddable":true,"href":"http:\/\/folhadosudeste.com\/site\/index.php?rest_route=%2Fwp%2Fv2%2Fcategories&post=40160"},{"taxonomy":"post_tag","embeddable":true,"href":"http:\/\/folhadosudeste.com\/site\/index.php?rest_route=%2Fwp%2Fv2%2Ftags&post=40160"}],"curies":[{"name":"wp","href":"https:\/\/api.w.org\/{rel}","templated":true}]}}