{"id":40186,"date":"2017-06-23T14:01:40","date_gmt":"2017-06-23T14:01:40","guid":{"rendered":"http:\/\/folhadosudeste.com\/site\/?p=40186"},"modified":"2017-06-23T14:18:50","modified_gmt":"2017-06-23T14:18:50","slug":"muita-diversao-e-animacao-na-festa-junina-do-haras-arrastao","status":"publish","type":"post","link":"http:\/\/folhadosudeste.com\/site\/?p=40186","title":{"rendered":"MUITA DIVERS\u00c3O E ANIMA\u00c7\u00c3O NA FESTA JUNINA DO HARAS ARRAST\u00c3O"},"content":{"rendered":"<p style=\"text-align: justify;\"><a href=\"http:\/\/folhadosudeste.com\/site\/wp-content\/uploads\/2017\/06\/ARRAST\u00c3O.jpg\"><img loading=\"lazy\" decoding=\"async\" class=\"aligncenter size-full wp-image-40187\" src=\"http:\/\/folhadosudeste.com\/site\/wp-content\/uploads\/2017\/06\/ARRAST\u00c3O.jpg\" alt=\"\" width=\"620\" height=\"279\" srcset=\"http:\/\/folhadosudeste.com\/site\/wp-content\/uploads\/2017\/06\/ARRAST\u00c3O.jpg 620w, http:\/\/folhadosudeste.com\/site\/wp-content\/uploads\/2017\/06\/ARRAST\u00c3O-300x135.jpg 300w\" sizes=\"auto, (max-width: 620px) 100vw, 620px\" \/><\/a><\/p>\n<p style=\"text-align: justify;\">Na noite de sexta-feira 16 de junho, foi realizada a tradicional Festa Junina do Haras Arrast\u00e3o (Comunidade Santo Cristo), com muitas comidas t\u00edpicas, um ambiente familiar e uma bela decora\u00e7\u00e3o tem\u00e1tica. A m\u00fasica ao vivo ficou por conta de Marcos &amp; J\u00f3bson, que animaram o p\u00fablico, colocando todo mundo pra cantar e dan\u00e7ar at\u00e9 altas horas. O propriet\u00e1rio do Haras, Gerson Varella Neto, explica que essa festa acontece anualmente e todo ano eles buscam proporcionar algo ainda melhor. \u201cEssa \u00e9 a 4\u00aa edi\u00e7\u00e3o. \u00c9 um evento aberto ao p\u00fablico, para amigos e fam\u00edlia. Nossa expectativa era muito boa e tudo aconteceu da melhor maneira poss\u00edvel. S\u00f3 tenho que agradecer a todos que vieram, fam\u00edlia e amigos, nos prestigiando em um momento t\u00e3o agrad\u00e1vel\u201d, afirma.<\/p>\n<p style=\"text-align: justify;\">Saiba mais na edi\u00e7\u00e3o 763 do Folha do Sudeste<\/p>\n<p>[ngg_images source=&#8221;galleries&#8221; container_ids=&#8221;1029&#8243; display_type=&#8221;photocrati-nextgen_basic_thumbnails&#8221; override_thumbnail_settings=&#8221;0&#8243; thumbnail_width=&#8221;100&#8243; thumbnail_height=&#8221;75&#8243; thumbnail_crop=&#8221;1&#8243; images_per_page=&#8221;0&#8243; number_of_columns=&#8221;0&#8243; ajax_pagination=&#8221;0&#8243; show_all_in_lightbox=&#8221;0&#8243; use_imagebrowser_effect=&#8221;0&#8243; show_slideshow_link=&#8221;1&#8243; slideshow_link_text=&#8221;[Show as slideshow]&#8221; order_by=&#8221;sortorder&#8221; order_direction=&#8221;ASC&#8221; returns=&#8221;included&#8221; maximum_entity_count=&#8221;500&#8243;]<\/p>\n","protected":false},"excerpt":{"rendered":"<p>Na noite de sexta-feira 16 de junho, foi realizada a tradicional Festa Junina do Haras Arrast\u00e3o (Comunidade Santo Cristo), com muitas comidas t\u00edpicas, um ambiente familiar e uma bela decora\u00e7\u00e3o tem\u00e1tica. A m\u00fasica ao vivo ficou por conta de Marcos &amp; J\u00f3bson, que animaram o p\u00fablico, colocando todo mundo pra cantar e dan\u00e7ar at\u00e9 altas [&hellip;]<\/p>\n","protected":false},"author":2,"featured_media":40187,"comment_status":"open","ping_status":"closed","sticky":false,"template":"","format":"standard","meta":{"_joinchat":[],"footnotes":""},"categories":[1],"tags":[],"class_list":["post-40186","post","type-post","status-publish","format-standard","has-post-thumbnail","hentry","category-sem-categoria"],"_links":{"self":[{"href":"http:\/\/folhadosudeste.com\/site\/index.php?rest_route=\/wp\/v2\/posts\/40186","targetHints":{"allow":["GET"]}}],"collection":[{"href":"http:\/\/folhadosudeste.com\/site\/index.php?rest_route=\/wp\/v2\/posts"}],"about":[{"href":"http:\/\/folhadosudeste.com\/site\/index.php?rest_route=\/wp\/v2\/types\/post"}],"author":[{"embeddable":true,"href":"http:\/\/folhadosudeste.com\/site\/index.php?rest_route=\/wp\/v2\/users\/2"}],"replies":[{"embeddable":true,"href":"http:\/\/folhadosudeste.com\/site\/index.php?rest_route=%2Fwp%2Fv2%2Fcomments&post=40186"}],"version-history":[{"count":2,"href":"http:\/\/folhadosudeste.com\/site\/index.php?rest_route=\/wp\/v2\/posts\/40186\/revisions"}],"predecessor-version":[{"id":40417,"href":"http:\/\/folhadosudeste.com\/site\/index.php?rest_route=\/wp\/v2\/posts\/40186\/revisions\/40417"}],"wp:featuredmedia":[{"embeddable":true,"href":"http:\/\/folhadosudeste.com\/site\/index.php?rest_route=\/wp\/v2\/media\/40187"}],"wp:attachment":[{"href":"http:\/\/folhadosudeste.com\/site\/index.php?rest_route=%2Fwp%2Fv2%2Fmedia&parent=40186"}],"wp:term":[{"taxonomy":"category","embeddable":true,"href":"http:\/\/folhadosudeste.com\/site\/index.php?rest_route=%2Fwp%2Fv2%2Fcategories&post=40186"},{"taxonomy":"post_tag","embeddable":true,"href":"http:\/\/folhadosudeste.com\/site\/index.php?rest_route=%2Fwp%2Fv2%2Ftags&post=40186"}],"curies":[{"name":"wp","href":"https:\/\/api.w.org\/{rel}","templated":true}]}}