{"id":40192,"date":"2017-06-23T14:03:24","date_gmt":"2017-06-23T14:03:24","guid":{"rendered":"http:\/\/folhadosudeste.com\/site\/?p=40192"},"modified":"2017-06-23T14:19:50","modified_gmt":"2017-06-23T14:19:50","slug":"sucesso-no-arraia-da-escola-pituxinha","status":"publish","type":"post","link":"http:\/\/folhadosudeste.com\/site\/?p=40192","title":{"rendered":"SUCESSO NO ARRAI\u00c1 DA ESCOLA PITUXINHA"},"content":{"rendered":"<p style=\"text-align: justify;\"><a href=\"http:\/\/folhadosudeste.com\/site\/wp-content\/uploads\/2017\/06\/PITUXINHA.jpg\"><img loading=\"lazy\" decoding=\"async\" class=\"aligncenter size-full wp-image-40193\" src=\"http:\/\/folhadosudeste.com\/site\/wp-content\/uploads\/2017\/06\/PITUXINHA.jpg\" alt=\"\" width=\"620\" height=\"294\" srcset=\"http:\/\/folhadosudeste.com\/site\/wp-content\/uploads\/2017\/06\/PITUXINHA.jpg 620w, http:\/\/folhadosudeste.com\/site\/wp-content\/uploads\/2017\/06\/PITUXINHA-300x142.jpg 300w\" sizes=\"auto, (max-width: 620px) 100vw, 620px\" \/><\/a><\/p>\n<p style=\"text-align: justify;\">A Escola Pituxinha realizou, dia 15\/06, no S\u00edtio Dala Paula, sua Festa Junina, com a presen\u00e7a de sua equipe de professores, os alunos e seus pais. Foi um bel\u00edssimo arrai\u00e1, com as crian\u00e7as felizes e animadas. \u201cEssa \u00e9 uma data comemorativa que celebramos todos os anos. Nessa edi\u00e7\u00e3o, tivemos um aumento maravilhoso no n\u00famero de pessoas presentes, uma surpresa agrad\u00e1vel para n\u00f3s. O rei e a rainha foram o Enzo e a Larah. Tivemos leil\u00e3o, bingo, bebidas e comidas t\u00edpicas, pescaria, entre outros. Agrade\u00e7o todos os presentes, principalmente os pais, que d\u00e3o total apoio e confian\u00e7a para realizarmos nosso trabalho\u201d, explica Alessandra Dala Paula Ramos Pedrosa, propriet\u00e1ria da Pituxinha h\u00e1 3 anos. A escola est\u00e1 localizada na Av. Silv\u00e9rio Campos, 265, Safira, e aceita crian\u00e7as de 1 a 5 anos, durante todo o ano. \u201cElas s\u00e3o sempre bem-vindas. Temos o per\u00edodo de 7 da manh\u00e3 at\u00e9 6 da tarde\u201d, completa. A equipe da Escola Pituxinha \u00e9 composta por: Alessandra (diretora), Simone, Maiara, Ana (professora) e Jainice (monitora).<\/p>\n<p style=\"text-align: justify;\">Saiba mais na edi\u00e7\u00e3o 763 do Folha do Sudeste<\/p>\n<p>[ngg_images source=&#8221;galleries&#8221; container_ids=&#8221;1033&#8243; display_type=&#8221;photocrati-nextgen_basic_thumbnails&#8221; override_thumbnail_settings=&#8221;0&#8243; thumbnail_width=&#8221;100&#8243; thumbnail_height=&#8221;75&#8243; thumbnail_crop=&#8221;1&#8243; images_per_page=&#8221;0&#8243; number_of_columns=&#8221;0&#8243; ajax_pagination=&#8221;0&#8243; show_all_in_lightbox=&#8221;0&#8243; use_imagebrowser_effect=&#8221;0&#8243; show_slideshow_link=&#8221;1&#8243; slideshow_link_text=&#8221;[Show as slideshow]&#8221; order_by=&#8221;sortorder&#8221; order_direction=&#8221;ASC&#8221; returns=&#8221;included&#8221; maximum_entity_count=&#8221;500&#8243;]<\/p>\n","protected":false},"excerpt":{"rendered":"<p>A Escola Pituxinha realizou, dia 15\/06, no S\u00edtio Dala Paula, sua Festa Junina, com a presen\u00e7a de sua equipe de professores, os alunos e seus pais. Foi um bel\u00edssimo arrai\u00e1, com as crian\u00e7as felizes e animadas. \u201cEssa \u00e9 uma data comemorativa que celebramos todos os anos. Nessa edi\u00e7\u00e3o, tivemos um aumento maravilhoso no n\u00famero de [&hellip;]<\/p>\n","protected":false},"author":2,"featured_media":40193,"comment_status":"open","ping_status":"closed","sticky":false,"template":"","format":"standard","meta":{"_joinchat":[],"footnotes":""},"categories":[1],"tags":[],"class_list":["post-40192","post","type-post","status-publish","format-standard","has-post-thumbnail","hentry","category-sem-categoria"],"_links":{"self":[{"href":"http:\/\/folhadosudeste.com\/site\/index.php?rest_route=\/wp\/v2\/posts\/40192","targetHints":{"allow":["GET"]}}],"collection":[{"href":"http:\/\/folhadosudeste.com\/site\/index.php?rest_route=\/wp\/v2\/posts"}],"about":[{"href":"http:\/\/folhadosudeste.com\/site\/index.php?rest_route=\/wp\/v2\/types\/post"}],"author":[{"embeddable":true,"href":"http:\/\/folhadosudeste.com\/site\/index.php?rest_route=\/wp\/v2\/users\/2"}],"replies":[{"embeddable":true,"href":"http:\/\/folhadosudeste.com\/site\/index.php?rest_route=%2Fwp%2Fv2%2Fcomments&post=40192"}],"version-history":[{"count":2,"href":"http:\/\/folhadosudeste.com\/site\/index.php?rest_route=\/wp\/v2\/posts\/40192\/revisions"}],"predecessor-version":[{"id":40419,"href":"http:\/\/folhadosudeste.com\/site\/index.php?rest_route=\/wp\/v2\/posts\/40192\/revisions\/40419"}],"wp:featuredmedia":[{"embeddable":true,"href":"http:\/\/folhadosudeste.com\/site\/index.php?rest_route=\/wp\/v2\/media\/40193"}],"wp:attachment":[{"href":"http:\/\/folhadosudeste.com\/site\/index.php?rest_route=%2Fwp%2Fv2%2Fmedia&parent=40192"}],"wp:term":[{"taxonomy":"category","embeddable":true,"href":"http:\/\/folhadosudeste.com\/site\/index.php?rest_route=%2Fwp%2Fv2%2Fcategories&post=40192"},{"taxonomy":"post_tag","embeddable":true,"href":"http:\/\/folhadosudeste.com\/site\/index.php?rest_route=%2Fwp%2Fv2%2Ftags&post=40192"}],"curies":[{"name":"wp","href":"https:\/\/api.w.org\/{rel}","templated":true}]}}