{"id":40195,"date":"2017-06-23T14:05:03","date_gmt":"2017-06-23T14:05:03","guid":{"rendered":"http:\/\/folhadosudeste.com\/site\/?p=40195"},"modified":"2017-06-23T14:20:28","modified_gmt":"2017-06-23T14:20:28","slug":"solenidade-de-aniversario-dos-242-anos-da-pmmg-e-dos-10-anos-do-47o-bpm","status":"publish","type":"post","link":"http:\/\/folhadosudeste.com\/site\/?p=40195","title":{"rendered":"SOLENIDADE DE ANIVERS\u00c1RIO DOS 242 ANOS DA PMMG E DOS 10 ANOS DO 47\u00ba BPM"},"content":{"rendered":"<p style=\"text-align: justify;\"><a href=\"http:\/\/folhadosudeste.com\/site\/wp-content\/uploads\/2017\/06\/PM.jpg\"><img loading=\"lazy\" decoding=\"async\" class=\"aligncenter size-full wp-image-40196\" src=\"http:\/\/folhadosudeste.com\/site\/wp-content\/uploads\/2017\/06\/PM.jpg\" alt=\"\" width=\"620\" height=\"205\" srcset=\"http:\/\/folhadosudeste.com\/site\/wp-content\/uploads\/2017\/06\/PM.jpg 620w, http:\/\/folhadosudeste.com\/site\/wp-content\/uploads\/2017\/06\/PM-300x99.jpg 300w\" sizes=\"auto, (max-width: 620px) 100vw, 620px\" \/><\/a><\/p>\n<p style=\"text-align: justify;\">No dia 20 de junho, foi realizada em Muria\u00e9 a Solenidade de Anivers\u00e1rio dos 242 anos da PMMG e dos 10 anos do 47\u00ba BPM. O evento foi realizado no Complexo Esportivo do Cristo Redentor, contando com a presen\u00e7a de v\u00e1rias autoridades civis e militares, e fazendo alus\u00e3o \u00e0 cora\u00e7\u00e3o dos trabalhos militares desde sua instala\u00e7\u00e3o, contribuindo durante uma d\u00e9cada para a promo\u00e7\u00e3o da paz social dos seus 18 munic\u00edpios de atua\u00e7\u00e3o. A solenidade foi aberta ao p\u00fablico e contou com a outorga do T\u00edtulo Guardi\u00e3o da Divisa, que \u00e9 concedido a apoiadores da inconteste luta pela manuten\u00e7\u00e3o da seguran\u00e7a p\u00fablica, fazendo verter para a sociedade como um todo, melhores resultados na presta\u00e7\u00e3o dos servi\u00e7os em toda \u00e1rea da unidade, laureando assim os expoentes da nobre causa de servir. Dentre as autoridades, destaque para o comandante do Batalh\u00e3o, Tenente Coronel Joedson Gomes, e o Subcomandante, Major Vitor. \u201c\u00c9 um privil\u00e9gio participar desse momento, motivo de muito orgulho e reconhecimento para n\u00f3s. Em um dos meus melhores sonhos, imaginei que iria encerrar minha carreira pr\u00f3ximo ao munic\u00edpio em que fui criado e tive o privilegio de comandar o Batalh\u00e3o o qual meu pai trabalhou durante 30 anos de servi\u00e7o, j\u00e1 construindo o Batalh\u00e3o de Divisa. Ent\u00e3o, poder reconhecer&nbsp; todos esses anos de trabalho prestados por ele \u00e9 impag\u00e1vel. Infelizmente ele n\u00e3o p\u00f4de vir por problemas de sa\u00fade. Agrade\u00e7o a todos pela parceria com a Pol\u00edcia\u201d, destaca Ten. Cel. Joedson.<\/p>\n<p style=\"text-align: justify;\">Confira os agraciados com os t\u00edtulos:<\/p>\n<p style=\"text-align: justify;\"><strong>Militares que constru\u00edram o Batalh\u00e3o:<\/strong> 2\u00ba SGT Geraldo de Souza Ferreira \u201cin memorian\u201d, 3\u00ba SGT Olavo Lopes de Souza, 2\u00ba SGT Octac\u00edlio Jorge da Silva, 3\u00ba SGT J\u00e1como Jos\u00e9 Arqueth Faraco, 3\u00ba SGT \u00c2ngelo Roberto de Oliveira, 3\u00ba SGT Francisco Nelson Faria, 3\u00ba SGT Jos\u00e9 Vieira da Fonseca e 2\u00ba SGT Jos\u00e9 C\u00e2ndido de Morais Sobrinho<\/p>\n<p style=\"text-align: justify;\"><strong>Agraciados militares:<\/strong> Ten. Cel.QOS Paulo Cascardo Soares, Maj QOS Dian Carlo Pimentel Miranda, Cap PM Sandro Josefino da Silva, Cap PM Miqu\u00e9ias Oliveira do Prado, Cap PM S\u00edlvio Cesar Benedito, Sub Ten. Gerson Rocha de Souza, 1\u00ba Sgt PM Luciano de Matos Sampaio, 3\u00ba Sgt PM Luciano Jorge de Souza Marins, 3\u00ba Sgt PM Jo\u00e3o Carlos Benedito J\u00fanior, 3\u00ba Sgt PM Marcos Rubi Gravel de Oliveira, 3\u00ba Sgt PM Jos\u00e9 Gomes e Cb PM Jos\u00e9 Gilton Domingos.<\/p>\n<p style=\"text-align: justify;\"><strong>Prefeitos colaboradores:<\/strong> Prefeito de Muria\u00e9 (Ioannis Konstantinos Grammatikopoulos- Grego), Prefeito de Laranjal (Sud\u00e1rio Amorim Carneiro), Prefeito de S\u00e3o Francisco do Gl\u00f3ria (Walace Ferreira Pedrosa), Prefeito de Oriz\u00e2nia (Ebio Jos\u00e9 Vitor), Prefeito de Eugen\u00f3polis (Vasco Navarro Rodrigues Caldas), Prefeito de Bar\u00e3o do Monte Alto (Alexandre Pereira Moreira Neres), Prefeito de Divino (Gilvan Pinheiro de Faria), Prefeito de Carangola (Paulo Cesar de Carvalho Pettersen), Prefeito de Fervedouro (Ab\u00edlio Peixoto Franchini), Prefeito de Patroc\u00ednio do Muria\u00e9 (Paulo Aziz Daher), Prefeito de Ros\u00e1rio da Limeira (Jos\u00e9 Maria Pinto da Silva), Prefeito de Pedra Dourada (Silvanir Simpl\u00edcio de Andrade), Prefeito de Palma (Hiran Vin\u00edcios Menduna Finamore), Prefeita de Tombos (Luciene Teixeira de Moraes), Prefeito de Miradouro (Almiro Marques de Lacerda Filho), Prefeito de Ant\u00f4nio Prado de Minas (Welison Sima da Fonseca), Prefeito de Vieiras (Adriano dos Santos) e Presidente da C\u00e2mara de Vereadores de Faria Lemos (Walter L\u00facio Ventura).<\/p>\n<p style=\"text-align: justify;\"><strong>Colaboradores civis\/militares:<\/strong> Vara Criminal da Comarca de Muria\u00e9 (Merit\u00edssima Ju\u00edza Dr\u00aa. Michelle Felipe Camarinha de Almeida), 6\u00aa Promotoria da \u00c1rea Criminal de Muria\u00e9 (Dr. S\u00edlvio Jos\u00e9 Marques Landin), Pol\u00edcia Civil de Tombos (delegado Diego Candian Alves), Presidente e Fundador do Grupo L\u00edder (Sr. Jos\u00e9 Braz), P\u00e1roco da Par\u00f3quia Santa Cruz (Reverend\u00edssimo Padre Paulo Roberto Gomes), Igreja Batista Parque Safira (Reverend\u00edssimo Pastor N\u00e9lio Monteiro), 1\u00ba Sgt BM (Sebasti\u00e3o Ferreira Filho). Policial Rodovi\u00e1rio Federal (J\u00falio Cesar Simbra Soares), Loja Ma\u00e7\u00f4nica \u201cAd Gloriam et Sapientiam\u201d, Loja Ma\u00e7\u00f4nica Labor, For\u00e7a e Virtude, Loja Ma\u00e7\u00f4nica Mission\u00e1rios da Luz e Loja Ma\u00e7\u00f4nica Seareiros da Paz.<\/p>\n<p style=\"text-align: justify;\">Saiba mais na edi\u00e7\u00e3o 763 do Folha do Sudeste<\/p>\n<p>[ngg_images source=&#8221;galleries&#8221; container_ids=&#8221;1034&#8243; display_type=&#8221;photocrati-nextgen_basic_thumbnails&#8221; override_thumbnail_settings=&#8221;0&#8243; thumbnail_width=&#8221;100&#8243; thumbnail_height=&#8221;75&#8243; thumbnail_crop=&#8221;1&#8243; images_per_page=&#8221;0&#8243; number_of_columns=&#8221;0&#8243; ajax_pagination=&#8221;0&#8243; show_all_in_lightbox=&#8221;0&#8243; use_imagebrowser_effect=&#8221;0&#8243; show_slideshow_link=&#8221;1&#8243; slideshow_link_text=&#8221;[Show as slideshow]&#8221; order_by=&#8221;sortorder&#8221; order_direction=&#8221;ASC&#8221; returns=&#8221;included&#8221; maximum_entity_count=&#8221;500&#8243;]<\/p>\n","protected":false},"excerpt":{"rendered":"<p>No dia 20 de junho, foi realizada em Muria\u00e9 a Solenidade de Anivers\u00e1rio dos 242 anos da PMMG e dos 10 anos do 47\u00ba BPM. O evento foi realizado no Complexo Esportivo do Cristo Redentor, contando com a presen\u00e7a de v\u00e1rias autoridades civis e militares, e fazendo alus\u00e3o \u00e0 cora\u00e7\u00e3o dos trabalhos militares desde sua [&hellip;]<\/p>\n","protected":false},"author":2,"featured_media":40196,"comment_status":"open","ping_status":"closed","sticky":false,"template":"","format":"standard","meta":{"_joinchat":[],"footnotes":""},"categories":[1],"tags":[],"class_list":["post-40195","post","type-post","status-publish","format-standard","has-post-thumbnail","hentry","category-sem-categoria"],"_links":{"self":[{"href":"http:\/\/folhadosudeste.com\/site\/index.php?rest_route=\/wp\/v2\/posts\/40195","targetHints":{"allow":["GET"]}}],"collection":[{"href":"http:\/\/folhadosudeste.com\/site\/index.php?rest_route=\/wp\/v2\/posts"}],"about":[{"href":"http:\/\/folhadosudeste.com\/site\/index.php?rest_route=\/wp\/v2\/types\/post"}],"author":[{"embeddable":true,"href":"http:\/\/folhadosudeste.com\/site\/index.php?rest_route=\/wp\/v2\/users\/2"}],"replies":[{"embeddable":true,"href":"http:\/\/folhadosudeste.com\/site\/index.php?rest_route=%2Fwp%2Fv2%2Fcomments&post=40195"}],"version-history":[{"count":2,"href":"http:\/\/folhadosudeste.com\/site\/index.php?rest_route=\/wp\/v2\/posts\/40195\/revisions"}],"predecessor-version":[{"id":40420,"href":"http:\/\/folhadosudeste.com\/site\/index.php?rest_route=\/wp\/v2\/posts\/40195\/revisions\/40420"}],"wp:featuredmedia":[{"embeddable":true,"href":"http:\/\/folhadosudeste.com\/site\/index.php?rest_route=\/wp\/v2\/media\/40196"}],"wp:attachment":[{"href":"http:\/\/folhadosudeste.com\/site\/index.php?rest_route=%2Fwp%2Fv2%2Fmedia&parent=40195"}],"wp:term":[{"taxonomy":"category","embeddable":true,"href":"http:\/\/folhadosudeste.com\/site\/index.php?rest_route=%2Fwp%2Fv2%2Fcategories&post=40195"},{"taxonomy":"post_tag","embeddable":true,"href":"http:\/\/folhadosudeste.com\/site\/index.php?rest_route=%2Fwp%2Fv2%2Ftags&post=40195"}],"curies":[{"name":"wp","href":"https:\/\/api.w.org\/{rel}","templated":true}]}}