{"id":40198,"date":"2017-06-23T14:06:00","date_gmt":"2017-06-23T14:06:00","guid":{"rendered":"http:\/\/folhadosudeste.com\/site\/?p=40198"},"modified":"2017-06-23T14:21:04","modified_gmt":"2017-06-23T14:21:04","slug":"festa-da-cidade-de-ervalia-grandes-atracoes-em-comemoracao-aos-78-anos-de-historia-2","status":"publish","type":"post","link":"http:\/\/folhadosudeste.com\/site\/?p=40198","title":{"rendered":"FESTA DA CIDADE DE ERV\u00c1LIA: GRANDES ATRA\u00c7\u00d5ES EM COMEMORA\u00c7\u00c3O AOS 78 ANOS DE HIST\u00d3RIA"},"content":{"rendered":"<p style=\"text-align: justify;\"><a href=\"http:\/\/folhadosudeste.com\/site\/wp-content\/uploads\/2017\/06\/ERV\u00c1LIA.jpg\"><img loading=\"lazy\" decoding=\"async\" class=\"aligncenter size-full wp-image-40199\" src=\"http:\/\/folhadosudeste.com\/site\/wp-content\/uploads\/2017\/06\/ERV\u00c1LIA.jpg\" alt=\"\" width=\"620\" height=\"286\" srcset=\"http:\/\/folhadosudeste.com\/site\/wp-content\/uploads\/2017\/06\/ERV\u00c1LIA.jpg 620w, http:\/\/folhadosudeste.com\/site\/wp-content\/uploads\/2017\/06\/ERV\u00c1LIA-300x138.jpg 300w, http:\/\/folhadosudeste.com\/site\/wp-content\/uploads\/2017\/06\/ERV\u00c1LIA-272x125.jpg 272w\" sizes=\"auto, (max-width: 620px) 100vw, 620px\" \/><\/a><\/p>\n<p style=\"text-align: justify;\">Foi realizado no \u00faltimo final de semana a Festa da Cidade de Erv\u00e1lia, em edi\u00e7\u00e3o comemorativa aos seus 78 anos de hist\u00f3ria. O evento foi realizado no Parque de Exposi\u00e7\u00f5es Tatic\u00e3o, com uma excelente estrutura, dois grandes palcos, barracas, parque de divers\u00f5es e v\u00e1rias atra\u00e7\u00f5es musicais, com entrada franca todos os dias. Na sexta-feira (16), a anima\u00e7\u00e3o ficou por conta de Beto Kau\u00ea, Lex Luthor e DJ Ac\u00e1cio. No s\u00e1bado (17), abertura oficial com a presen\u00e7a do prefeito, vice-prefeito, secret\u00e1rios e vereadores da cidade, logo ap\u00f3s foi a vez da dupla Nandinho e Nego Bam, Renan &amp; Rafel e Chapahalls. E, para encerrar com chave de ouro no domingo a tarde, muita adrenalina com MotoCross e a noite a renomada dupla Gino &amp; Geno, banda Free Farra e DJ Lauro.<\/p>\n<p style=\"text-align: justify;\">O prefeito de Erv\u00e1lia, Elo\u00edsio Cunha, comemorou o sucesso da festa, recebendo um p\u00fablico enorme. \u201cT\u00ednhamos a certeza de que a festa seria muito boa. \u00c9 uma honra muito grande para mim, pessoa simples, ser o prefeito de Erv\u00e1lia, eleito no dia 12 de mar\u00e7o, tomando posse em 2 de abril, e j\u00e1 conseguindo, junto a meu vice e equipe, proporcionar uma festa deste porte para a popula\u00e7\u00e3o. \u00c9 um grande orgulho poder comemorar esses 78 anos de hist\u00f3ria, mas n\u00e3o vamos parar por a\u00ed\u201d, destaca.<\/p>\n<p style=\"text-align: justify;\">Segundo o vice-prefeito Jos\u00e9 Mauro Godinho, as expectativas eram as melhores poss\u00edveis, de proporcionar uma excelente festa para a popula\u00e7\u00e3o, o que realmente acabou acontecendo. \u201cOferecemos muita divers\u00e3o e entretenimento. Apesar da crise, conseguimos fazer uma festa muito boa.<\/p>\n<p style=\"text-align: justify;\">O ex-prefeito de Erv\u00e1lia Edson Rezende, tamb\u00e9m esteve presente no evento e parabenizou o prefeito Elo\u00edsio e seu vice Mauro pela realiza\u00e7\u00e3o e o sucesso da festa.<\/p>\n<p style=\"text-align: justify;\">O deputado estadual Durval \u00c2ngelo, l\u00edder do Governo na Assembl\u00e9ia Legislativa de Minas Gerais, afirma que os 78 anos de hist\u00f3ria de Erv\u00e1lia \u00e9 uma data significativa, que mostra amadurecimento, a caminhada de um munic\u00edpio que tem prosperado muito. \u201cAgora Erv\u00e1lia tem na pol\u00edtica a presen\u00e7a de dois grandes administradores: Elo\u00edsio Cunha e Mauro Godinho, como prefeito e vice\u201d.<\/p>\n<p style=\"text-align: justify;\">Como representante do Governo, o deputado estadual Durval declarou que quer estar presente nos 4 anos da administra\u00e7\u00e3o em Erv\u00e1lia. \u201cO povo tem muito que comemorar, em especial com essa bela festa, com a presen\u00e7a da renomada dupla Gino e Geno, que faz um resgate do sertanejo raiz. A Prefeitura fez uma parceria com o setor privado para baratear o evento, que teve uma programa\u00e7\u00e3o de 3 dias, sendo que os custos n\u00e3o foram altos. Al\u00e9m de tudo, eles est\u00e3o fazendo a presta\u00e7\u00e3o de contas de forma transparente. A festa contou com a parceria significativa de empresas do munic\u00edpio, que ajudaram, pois o povo tamb\u00e9m precisa se alegrar, sorrir e n\u00e3o perder a esperan\u00e7a. E eles contam com homens s\u00e9rios na pol\u00edtica, por isso temos certeza dos bons resultados\u201d, analisa.<\/p>\n<p style=\"text-align: justify;\">Saiba mais na edi\u00e7\u00e3o 763 do Folha do Sudeste<\/p>\n<p>[ngg_images source=&#8221;galleries&#8221; container_ids=&#8221;1031&#8243; display_type=&#8221;photocrati-nextgen_basic_thumbnails&#8221; override_thumbnail_settings=&#8221;0&#8243; thumbnail_width=&#8221;100&#8243; thumbnail_height=&#8221;75&#8243; thumbnail_crop=&#8221;1&#8243; images_per_page=&#8221;0&#8243; number_of_columns=&#8221;0&#8243; ajax_pagination=&#8221;0&#8243; show_all_in_lightbox=&#8221;0&#8243; use_imagebrowser_effect=&#8221;0&#8243; show_slideshow_link=&#8221;1&#8243; slideshow_link_text=&#8221;[Show as slideshow]&#8221; order_by=&#8221;sortorder&#8221; order_direction=&#8221;ASC&#8221; returns=&#8221;included&#8221; maximum_entity_count=&#8221;500&#8243;]<\/p>\n","protected":false},"excerpt":{"rendered":"<p>Foi realizado no \u00faltimo final de semana a Festa da Cidade de Erv\u00e1lia, em edi\u00e7\u00e3o comemorativa aos seus 78 anos de hist\u00f3ria. O evento foi realizado no Parque de Exposi\u00e7\u00f5es Tatic\u00e3o, com uma excelente estrutura, dois grandes palcos, barracas, parque de divers\u00f5es e v\u00e1rias atra\u00e7\u00f5es musicais, com entrada franca todos os dias. Na sexta-feira (16), [&hellip;]<\/p>\n","protected":false},"author":2,"featured_media":40199,"comment_status":"open","ping_status":"closed","sticky":false,"template":"","format":"standard","meta":{"_joinchat":[],"footnotes":""},"categories":[1],"tags":[],"class_list":["post-40198","post","type-post","status-publish","format-standard","has-post-thumbnail","hentry","category-sem-categoria"],"_links":{"self":[{"href":"http:\/\/folhadosudeste.com\/site\/index.php?rest_route=\/wp\/v2\/posts\/40198","targetHints":{"allow":["GET"]}}],"collection":[{"href":"http:\/\/folhadosudeste.com\/site\/index.php?rest_route=\/wp\/v2\/posts"}],"about":[{"href":"http:\/\/folhadosudeste.com\/site\/index.php?rest_route=\/wp\/v2\/types\/post"}],"author":[{"embeddable":true,"href":"http:\/\/folhadosudeste.com\/site\/index.php?rest_route=\/wp\/v2\/users\/2"}],"replies":[{"embeddable":true,"href":"http:\/\/folhadosudeste.com\/site\/index.php?rest_route=%2Fwp%2Fv2%2Fcomments&post=40198"}],"version-history":[{"count":2,"href":"http:\/\/folhadosudeste.com\/site\/index.php?rest_route=\/wp\/v2\/posts\/40198\/revisions"}],"predecessor-version":[{"id":40421,"href":"http:\/\/folhadosudeste.com\/site\/index.php?rest_route=\/wp\/v2\/posts\/40198\/revisions\/40421"}],"wp:featuredmedia":[{"embeddable":true,"href":"http:\/\/folhadosudeste.com\/site\/index.php?rest_route=\/wp\/v2\/media\/40199"}],"wp:attachment":[{"href":"http:\/\/folhadosudeste.com\/site\/index.php?rest_route=%2Fwp%2Fv2%2Fmedia&parent=40198"}],"wp:term":[{"taxonomy":"category","embeddable":true,"href":"http:\/\/folhadosudeste.com\/site\/index.php?rest_route=%2Fwp%2Fv2%2Fcategories&post=40198"},{"taxonomy":"post_tag","embeddable":true,"href":"http:\/\/folhadosudeste.com\/site\/index.php?rest_route=%2Fwp%2Fv2%2Ftags&post=40198"}],"curies":[{"name":"wp","href":"https:\/\/api.w.org\/{rel}","templated":true}]}}