{"id":40434,"date":"2017-06-26T13:56:05","date_gmt":"2017-06-26T13:56:05","guid":{"rendered":"http:\/\/folhadosudeste.com\/site\/?p=40434"},"modified":"2017-06-26T13:56:05","modified_gmt":"2017-06-26T13:56:05","slug":"prefeitura-realiza-evento-sobre-transparencia-na-gestao-publica","status":"publish","type":"post","link":"http:\/\/folhadosudeste.com\/site\/?p=40434","title":{"rendered":"PREFEITURA REALIZA EVENTO SOBRE TRANSPAR\u00caNCIA NA GEST\u00c3O P\u00daBLICA"},"content":{"rendered":"<p style=\"text-align: justify;\"><a href=\"http:\/\/folhadosudeste.com\/site\/wp-content\/uploads\/2017\/06\/IMG_3411.jpg\"><img loading=\"lazy\" decoding=\"async\" class=\"aligncenter wp-image-40435 size-large\" src=\"http:\/\/folhadosudeste.com\/site\/wp-content\/uploads\/2017\/06\/IMG_3411-1024x683.jpg\" alt=\"\" width=\"620\" height=\"414\" srcset=\"http:\/\/folhadosudeste.com\/site\/wp-content\/uploads\/2017\/06\/IMG_3411-1024x683.jpg 1024w, http:\/\/folhadosudeste.com\/site\/wp-content\/uploads\/2017\/06\/IMG_3411-300x200.jpg 300w, http:\/\/folhadosudeste.com\/site\/wp-content\/uploads\/2017\/06\/IMG_3411-768x512.jpg 768w, http:\/\/folhadosudeste.com\/site\/wp-content\/uploads\/2017\/06\/IMG_3411-290x195.jpg 290w, http:\/\/folhadosudeste.com\/site\/wp-content\/uploads\/2017\/06\/IMG_3411.jpg 2048w\" sizes=\"auto, (max-width: 620px) 100vw, 620px\" \/><\/a><\/p>\n<p style=\"text-align: justify;\"><em>A\u00e7\u00e3o capacitou servidores p\u00fablicos de Muria\u00e9 e debateu sobre import\u00e2ncia de uma administra\u00e7\u00e3o transparente<\/em><\/p>\n<p style=\"text-align: justify;\">Para facilitar o acesso dos muriaeenses \u00e0 informa\u00e7\u00e3o e oferecer maior transpar\u00eancia nas quest\u00f5es ligadas aos servi\u00e7os p\u00fablicos, a Prefeitura de Muria\u00e9 realizou um ciclo de palestras sobre Ouvidoria, Acesso a Informa\u00e7\u00e3o e Transpar\u00eancia, na \u00faltima quinta-feira (22), no Memorial da Funda\u00e7\u00e3o Cristiano Varella. O evento, realizado para mais de 150 pessoas, foi uma oportunidade de treinamento para os servidores p\u00fablicos e para diretores e gerentes de empresas que desejam trabalhar com maior clareza e comunica\u00e7\u00e3o junto \u00e0 popula\u00e7\u00e3o.<\/p>\n<p style=\"text-align: justify;\">Para explicar melhor sobre o tema, a Prefeitura estreitou parceria com a Associa\u00e7\u00e3o Brasileira de Ouvidores e o Instituto de Defesa da Cidadania e Transpar\u00eancia \u2013 IDCT (BH). Participaram da abertura o ex-presidente da Associa\u00e7\u00e3o Mineira de Munic\u00edpios, Ant\u00f4nio Carlos Andrada, e o procurador do Minist\u00e9rio P\u00fablico de Minas Gerais, Mauro Fl\u00e1vio Ferreira.<\/p>\n<p style=\"text-align: justify;\">As palestras ministradas durante o dia foram sobre \u201cA import\u00e2ncia das ouvidorias, gest\u00e3o transparente, \u00e9tica e responsabilidade p\u00fablica, democracia e participa\u00e7\u00e3o popular\u201d e \u201cDemocracia e Participa\u00e7\u00e3o\u201d. O presidente do IDCT, Gustavo Nassif, acredita que iniciativas como essas transformam a realidade da sociedade. \u201cCapacitar pessoas \u00e9 transformar o mundo. Levar conceitos de transpar\u00eancia e acesso \u00e0 informa\u00e7\u00e3o me faz acreditar em uma mudan\u00e7a social que inclui a participa\u00e7\u00e3o do cidad\u00e3o\u201d, explicou.<\/p>\n<p style=\"text-align: justify;\"><strong>PREFEITO DESTACA IMPORT\u00c2NCIA EM DAR TRANSPAR\u00caNCIA \u00c0 ADMINISTRA\u00c7\u00c3O<\/strong><\/p>\n<p style=\"text-align: justify;\">O prefeito Grego destacou a necessidade de se dar mais transpar\u00eancia \u00e0 gest\u00e3o p\u00fablica e \u00e0 pol\u00edtica nos dias atuais. \u201cA transforma\u00e7\u00e3o come\u00e7a quando abrimos as portas para iniciativas verdadeiras. Precisamos trazer pessoas para nos capacitarem e ensinarem a como mostrar, para cada cidad\u00e3o, o que est\u00e1 sendo feito com o dinheiro p\u00fablico. Esse \u00e9 o nosso principal objetivo, contribuir para melhorar a pol\u00edtica atual na qual vivemos hoje e construir um caminho melhor, mais transparente, para todos n\u00f3s\u201d, ressaltou ele.<\/p>\n","protected":false},"excerpt":{"rendered":"<p>A\u00e7\u00e3o capacitou servidores p\u00fablicos de Muria\u00e9 e debateu sobre import\u00e2ncia de uma administra\u00e7\u00e3o transparente Para facilitar o acesso dos muriaeenses \u00e0 informa\u00e7\u00e3o e oferecer maior transpar\u00eancia nas quest\u00f5es ligadas aos servi\u00e7os p\u00fablicos, a Prefeitura de Muria\u00e9 realizou um ciclo de palestras sobre Ouvidoria, Acesso a Informa\u00e7\u00e3o e Transpar\u00eancia, na \u00faltima quinta-feira (22), no Memorial da [&hellip;]<\/p>\n","protected":false},"author":6,"featured_media":40435,"comment_status":"open","ping_status":"closed","sticky":false,"template":"","format":"standard","meta":{"_joinchat":[],"footnotes":""},"categories":[1],"tags":[],"class_list":["post-40434","post","type-post","status-publish","format-standard","has-post-thumbnail","hentry","category-sem-categoria"],"_links":{"self":[{"href":"http:\/\/folhadosudeste.com\/site\/index.php?rest_route=\/wp\/v2\/posts\/40434","targetHints":{"allow":["GET"]}}],"collection":[{"href":"http:\/\/folhadosudeste.com\/site\/index.php?rest_route=\/wp\/v2\/posts"}],"about":[{"href":"http:\/\/folhadosudeste.com\/site\/index.php?rest_route=\/wp\/v2\/types\/post"}],"author":[{"embeddable":true,"href":"http:\/\/folhadosudeste.com\/site\/index.php?rest_route=\/wp\/v2\/users\/6"}],"replies":[{"embeddable":true,"href":"http:\/\/folhadosudeste.com\/site\/index.php?rest_route=%2Fwp%2Fv2%2Fcomments&post=40434"}],"version-history":[{"count":1,"href":"http:\/\/folhadosudeste.com\/site\/index.php?rest_route=\/wp\/v2\/posts\/40434\/revisions"}],"predecessor-version":[{"id":40436,"href":"http:\/\/folhadosudeste.com\/site\/index.php?rest_route=\/wp\/v2\/posts\/40434\/revisions\/40436"}],"wp:featuredmedia":[{"embeddable":true,"href":"http:\/\/folhadosudeste.com\/site\/index.php?rest_route=\/wp\/v2\/media\/40435"}],"wp:attachment":[{"href":"http:\/\/folhadosudeste.com\/site\/index.php?rest_route=%2Fwp%2Fv2%2Fmedia&parent=40434"}],"wp:term":[{"taxonomy":"category","embeddable":true,"href":"http:\/\/folhadosudeste.com\/site\/index.php?rest_route=%2Fwp%2Fv2%2Fcategories&post=40434"},{"taxonomy":"post_tag","embeddable":true,"href":"http:\/\/folhadosudeste.com\/site\/index.php?rest_route=%2Fwp%2Fv2%2Ftags&post=40434"}],"curies":[{"name":"wp","href":"https:\/\/api.w.org\/{rel}","templated":true}]}}