{"id":40440,"date":"2017-06-27T16:56:04","date_gmt":"2017-06-27T16:56:04","guid":{"rendered":"http:\/\/folhadosudeste.com\/site\/?p=40440"},"modified":"2017-06-27T16:56:04","modified_gmt":"2017-06-27T16:56:04","slug":"obras-na-galeria-do-santa-rita-serao-iniciadas","status":"publish","type":"post","link":"http:\/\/folhadosudeste.com\/site\/?p=40440","title":{"rendered":"OBRAS NA GALERIA DO SANTA RITA SER\u00c3O INICIADAS"},"content":{"rendered":"<p style=\"text-align: justify;\"><a href=\"http:\/\/folhadosudeste.com\/site\/wp-content\/uploads\/2017\/06\/ft1.jpg\"><img loading=\"lazy\" decoding=\"async\" class=\"aligncenter wp-image-40441 size-full\" src=\"http:\/\/folhadosudeste.com\/site\/wp-content\/uploads\/2017\/06\/ft1.jpg\" alt=\"\" width=\"800\" height=\"509\" srcset=\"http:\/\/folhadosudeste.com\/site\/wp-content\/uploads\/2017\/06\/ft1.jpg 800w, http:\/\/folhadosudeste.com\/site\/wp-content\/uploads\/2017\/06\/ft1-300x191.jpg 300w, http:\/\/folhadosudeste.com\/site\/wp-content\/uploads\/2017\/06\/ft1-768x489.jpg 768w\" sizes=\"auto, (max-width: 800px) 100vw, 800px\" \/><\/a><\/p>\n<p style=\"text-align: justify;\">Come\u00e7a na pr\u00f3xima segunda, 12\/06 o in\u00edcio das obras na Rua Santa Rita devido ao mau cheiro que o local apresenta nos \u00faltimos meses. No dia 27 de abril foi feito um levantamento por Profissionais do Demsur juntamente com o Corpo de Bombeiros &nbsp;e detectaram que os n\u00edveis de oxig\u00eanio em uma das galerias que cortam a rua estavam alterados. Nesse per\u00edodo uma equipe de t\u00e9cnicos e engenheiros detectou o problema e verificaram um vazamento g\u00e1s em uma das tubula\u00e7\u00f5es vindo das redes de esgotos.<\/p>\n<p style=\"text-align: justify;\">Para sanar o problema a tubula\u00e7\u00e3o antiga ser\u00e1 trocada por tubos de ferro fundido e tubos de PVC, um dos materiais mais resistentes do mercado atualmente que garantir\u00e1 por muitos anos mais resist\u00eancia evitando os constantes vazamentos que ocorre no local gerando mau cheiro.<\/p>\n<p style=\"text-align: justify;\">A partir desta segunda, 12\/06 o tr\u00e2nsito no cruzamento da Rua Santa Rita com a Rua Jos\u00e9 Augusto de Abreu ser\u00e1 fechado temporariamente. A Rua S\u00e3o Sebasti\u00e3o ter\u00e1 m\u00e3o dupla. A previs\u00e3o de dura\u00e7\u00e3o das obras \u00e9 de um m\u00eas.<\/p>\n","protected":false},"excerpt":{"rendered":"<p>Come\u00e7a na pr\u00f3xima segunda, 12\/06 o in\u00edcio das obras na Rua Santa Rita devido ao mau cheiro que o local apresenta nos \u00faltimos meses. No dia 27 de abril foi feito um levantamento por Profissionais do Demsur juntamente com o Corpo de Bombeiros &nbsp;e detectaram que os n\u00edveis de oxig\u00eanio em uma das galerias que [&hellip;]<\/p>\n","protected":false},"author":6,"featured_media":40441,"comment_status":"open","ping_status":"closed","sticky":false,"template":"","format":"standard","meta":{"_joinchat":[],"footnotes":""},"categories":[1],"tags":[],"class_list":["post-40440","post","type-post","status-publish","format-standard","has-post-thumbnail","hentry","category-sem-categoria"],"_links":{"self":[{"href":"http:\/\/folhadosudeste.com\/site\/index.php?rest_route=\/wp\/v2\/posts\/40440","targetHints":{"allow":["GET"]}}],"collection":[{"href":"http:\/\/folhadosudeste.com\/site\/index.php?rest_route=\/wp\/v2\/posts"}],"about":[{"href":"http:\/\/folhadosudeste.com\/site\/index.php?rest_route=\/wp\/v2\/types\/post"}],"author":[{"embeddable":true,"href":"http:\/\/folhadosudeste.com\/site\/index.php?rest_route=\/wp\/v2\/users\/6"}],"replies":[{"embeddable":true,"href":"http:\/\/folhadosudeste.com\/site\/index.php?rest_route=%2Fwp%2Fv2%2Fcomments&post=40440"}],"version-history":[{"count":1,"href":"http:\/\/folhadosudeste.com\/site\/index.php?rest_route=\/wp\/v2\/posts\/40440\/revisions"}],"predecessor-version":[{"id":40442,"href":"http:\/\/folhadosudeste.com\/site\/index.php?rest_route=\/wp\/v2\/posts\/40440\/revisions\/40442"}],"wp:featuredmedia":[{"embeddable":true,"href":"http:\/\/folhadosudeste.com\/site\/index.php?rest_route=\/wp\/v2\/media\/40441"}],"wp:attachment":[{"href":"http:\/\/folhadosudeste.com\/site\/index.php?rest_route=%2Fwp%2Fv2%2Fmedia&parent=40440"}],"wp:term":[{"taxonomy":"category","embeddable":true,"href":"http:\/\/folhadosudeste.com\/site\/index.php?rest_route=%2Fwp%2Fv2%2Fcategories&post=40440"},{"taxonomy":"post_tag","embeddable":true,"href":"http:\/\/folhadosudeste.com\/site\/index.php?rest_route=%2Fwp%2Fv2%2Ftags&post=40440"}],"curies":[{"name":"wp","href":"https:\/\/api.w.org\/{rel}","templated":true}]}}