{"id":40443,"date":"2017-06-27T17:11:28","date_gmt":"2017-06-27T17:11:28","guid":{"rendered":"http:\/\/folhadosudeste.com\/site\/?p=40443"},"modified":"2017-06-27T17:11:28","modified_gmt":"2017-06-27T17:11:28","slug":"prefeitura-apoia-realizacao-de-1a-feira-de-negocios-de-muriae","status":"publish","type":"post","link":"http:\/\/folhadosudeste.com\/site\/?p=40443","title":{"rendered":"PREFEITURA APOIA REALIZA\u00c7\u00c3O DE 1\u00aa FEIRA DE NEG\u00d3CIOS DE MURIA\u00c9"},"content":{"rendered":"<div style=\"text-align: center;\"><a href=\"http:\/\/folhadosudeste.com\/site\/wp-content\/uploads\/2017\/06\/Prefeitura-de-Muria\u00e9.jpg\"><img loading=\"lazy\" decoding=\"async\" class=\"aligncenter wp-image-40444 size-large\" src=\"http:\/\/folhadosudeste.com\/site\/wp-content\/uploads\/2017\/06\/Prefeitura-de-Muria\u00e9-1024x653.jpg\" alt=\"\" width=\"620\" height=\"395\" srcset=\"http:\/\/folhadosudeste.com\/site\/wp-content\/uploads\/2017\/06\/Prefeitura-de-Muria\u00e9-1024x653.jpg 1024w, http:\/\/folhadosudeste.com\/site\/wp-content\/uploads\/2017\/06\/Prefeitura-de-Muria\u00e9-300x191.jpg 300w, http:\/\/folhadosudeste.com\/site\/wp-content\/uploads\/2017\/06\/Prefeitura-de-Muria\u00e9-768x490.jpg 768w, http:\/\/folhadosudeste.com\/site\/wp-content\/uploads\/2017\/06\/Prefeitura-de-Muria\u00e9.jpg 2048w\" sizes=\"auto, (max-width: 620px) 100vw, 620px\" \/><\/a><\/div>\n<div style=\"text-align: center;\"><em>Evento teve intuito de aquecer com\u00e9rcio local e levar conhecimentos a empres\u00e1rios e comerciantes<\/em><\/div>\n<div>&nbsp;<\/div>\n<div style=\"text-align: justify;\">Mais de 20 empresas participaram da 1\u00aa Feira de Neg\u00f3cios de Muria\u00e9 realizada pela parceria entre a Prefeitura, C\u00e2mara de Dirigentes Logistas (CDL), Companhia de Desenvolvimento Econ\u00f4mico de Minas Gerais e outras entidades. O evento teve in\u00edcio na \u00faltima sexta-feira (23), na Pra\u00e7a Jo\u00e3o Pinheiro e foi at\u00e9 o s\u00e1bado, com o prop\u00f3sito de ampliar a visibilidade das empresas de Muria\u00e9 e aquecer o com\u00e9rcio local, al\u00e9m de oferecer conhecimento sobre neg\u00f3cios.<\/div>\n<div style=\"text-align: justify;\">&nbsp;<\/div>\n<div style=\"text-align: justify;\">Foi afixada uma grande estrutura de estandes no largo da pra\u00e7a, ao lado do Centro de especialidades da Prefeitura de Muria\u00e9. A Administra\u00e7\u00e3o apoiou o projeto cedendo funcion\u00e1rios para as instala\u00e7\u00f5es, alvar\u00e1, controle de tr\u00e2nsito, ilumina\u00e7\u00e3o, entre outros. \u201c\u00c9 preciso estimular os lojistas e incentiv\u00e1-los a criar novas formas de atrair o cliente para conhecer o seu produto\u201d, explicou o secret\u00e1rio de Desenvolvimento Econ\u00f4mico e Rela\u00e7\u00f5es Institucionais, Carlos Magno.<\/div>\n<div style=\"text-align: justify;\">&nbsp;<\/div>\n<div style=\"text-align: justify;\">Estiveram presentes mais de 20 empresas dos mais variados ramos, desde ve\u00edculos, a bicicletas especiais, locadora de ve\u00edculos, revendedora de colch\u00f5es, servi\u00e7os de internet, etc. Durante o evento foram realizadas palestras gratuitas que levaram conhecimentos variados para comerciantes e empres\u00e1rios interessados na melhoria dos neg\u00f3cios e no atendimento ao cliente. Para os visitantes foi criado um espa\u00e7o gourmet com lanchonete, Kombi de chopp artesanal e m\u00fasica ao vivo \u00e0 noite.&nbsp;<\/div>\n<div style=\"text-align: center;\">&nbsp;<\/div>\n<div style=\"text-align: center;\"><strong>PREFEITURA APOSTA EM FEIRAS E EVENTOS PARA AQUECER ECONOMIA DA CIDADE<\/strong><\/div>\n<div style=\"text-align: justify;\">&nbsp;<\/div>\n<div style=\"text-align: justify;\">O prefeito Grego destacou a necessidade de impulsionar os neg\u00f3cios em tempos de crise. \u201cOs tempos est\u00e3o dif\u00edceis para as vendas, ent\u00e3o vamos incentivar este tipo de evento. \u00c9 como se lev\u00e1ssemos o comerciante \u00e0s ruas para explicar melhor sobre o valor de seu produto e por que vale a pena compr\u00e1-lo. Precisamos aquecer o nosso com\u00e9rcio, aproveitando a visita dos moradores das cidades vizinhas que vem \u00e0 Muria\u00e9 para fazer compras. Assim, conseguiremos construir um novo caminho de crescimento para nossa economia, com mais emprego e renda\u201d explicou o prefeito.<\/div>\n","protected":false},"excerpt":{"rendered":"<p>Evento teve intuito de aquecer com\u00e9rcio local e levar conhecimentos a empres\u00e1rios e comerciantes &nbsp; Mais de 20 empresas participaram da 1\u00aa Feira de Neg\u00f3cios de Muria\u00e9 realizada pela parceria entre a Prefeitura, C\u00e2mara de Dirigentes Logistas (CDL), Companhia de Desenvolvimento Econ\u00f4mico de Minas Gerais e outras entidades. O evento teve in\u00edcio na \u00faltima sexta-feira [&hellip;]<\/p>\n","protected":false},"author":6,"featured_media":40444,"comment_status":"open","ping_status":"closed","sticky":false,"template":"","format":"standard","meta":{"_joinchat":[],"footnotes":""},"categories":[1],"tags":[],"class_list":["post-40443","post","type-post","status-publish","format-standard","has-post-thumbnail","hentry","category-sem-categoria"],"_links":{"self":[{"href":"http:\/\/folhadosudeste.com\/site\/index.php?rest_route=\/wp\/v2\/posts\/40443","targetHints":{"allow":["GET"]}}],"collection":[{"href":"http:\/\/folhadosudeste.com\/site\/index.php?rest_route=\/wp\/v2\/posts"}],"about":[{"href":"http:\/\/folhadosudeste.com\/site\/index.php?rest_route=\/wp\/v2\/types\/post"}],"author":[{"embeddable":true,"href":"http:\/\/folhadosudeste.com\/site\/index.php?rest_route=\/wp\/v2\/users\/6"}],"replies":[{"embeddable":true,"href":"http:\/\/folhadosudeste.com\/site\/index.php?rest_route=%2Fwp%2Fv2%2Fcomments&post=40443"}],"version-history":[{"count":1,"href":"http:\/\/folhadosudeste.com\/site\/index.php?rest_route=\/wp\/v2\/posts\/40443\/revisions"}],"predecessor-version":[{"id":40445,"href":"http:\/\/folhadosudeste.com\/site\/index.php?rest_route=\/wp\/v2\/posts\/40443\/revisions\/40445"}],"wp:featuredmedia":[{"embeddable":true,"href":"http:\/\/folhadosudeste.com\/site\/index.php?rest_route=\/wp\/v2\/media\/40444"}],"wp:attachment":[{"href":"http:\/\/folhadosudeste.com\/site\/index.php?rest_route=%2Fwp%2Fv2%2Fmedia&parent=40443"}],"wp:term":[{"taxonomy":"category","embeddable":true,"href":"http:\/\/folhadosudeste.com\/site\/index.php?rest_route=%2Fwp%2Fv2%2Fcategories&post=40443"},{"taxonomy":"post_tag","embeddable":true,"href":"http:\/\/folhadosudeste.com\/site\/index.php?rest_route=%2Fwp%2Fv2%2Ftags&post=40443"}],"curies":[{"name":"wp","href":"https:\/\/api.w.org\/{rel}","templated":true}]}}