{"id":40446,"date":"2017-06-29T02:09:57","date_gmt":"2017-06-29T02:09:57","guid":{"rendered":"http:\/\/folhadosudeste.com\/site\/?p=40446"},"modified":"2017-07-03T16:51:27","modified_gmt":"2017-07-03T16:51:27","slug":"festa-de-sao-joao-batista-na-com-do-ancorado-e-de-sao-pedro-na-com-dos-godinhos-em-rosario-da-limeira","status":"publish","type":"post","link":"http:\/\/folhadosudeste.com\/site\/?p=40446","title":{"rendered":"FESTA DE S\u00c3O JO\u00c3O BATISTA NA COM. DO ANCORADO E DE S\u00c3O PEDRO NA COM. DOS GODINHOS EM ROS\u00c1RIO DA LIMEIRA"},"content":{"rendered":"<p style=\"text-align: justify;\"><a href=\"http:\/\/folhadosudeste.com\/site\/wp-content\/uploads\/2017\/06\/MAIOR.jpg\"><img loading=\"lazy\" decoding=\"async\" class=\"aligncenter wp-image-40447 size-full\" src=\"http:\/\/folhadosudeste.com\/site\/wp-content\/uploads\/2017\/06\/MAIOR.jpg\" alt=\"\" width=\"800\" height=\"533\" srcset=\"http:\/\/folhadosudeste.com\/site\/wp-content\/uploads\/2017\/06\/MAIOR.jpg 800w, http:\/\/folhadosudeste.com\/site\/wp-content\/uploads\/2017\/06\/MAIOR-300x200.jpg 300w, http:\/\/folhadosudeste.com\/site\/wp-content\/uploads\/2017\/06\/MAIOR-768x512.jpg 768w\" sizes=\"auto, (max-width: 800px) 100vw, 800px\" \/><\/a><\/p>\n<p style=\"text-align: justify;\">Com celebra\u00e7\u00e3o religiosa, leil\u00e3o, quadrilha organizada pela pr\u00f3pria comunidade, barracas com bebidas e comidas t\u00edpicas, torneio de futsal, muita m\u00fasica boa com a Banda Sinta Liga e a anima\u00e7\u00e3o de um grande p\u00fablico presente, a Comunidade S\u00e3o Jo\u00e3o Batista (no Ancorado, munic\u00edpio de Ros\u00e1rio da Limeira) comemorou o dia de seu padroeiro, com as atividades comemorativas j\u00e1 tradicionais, nos dias 23 e 24 de junho. O momento mais esperado foi o da caminhada na fogueira de S\u00e3o Jo\u00e3o, a partir da meia noite de sexta (23), onde os fi\u00e9is testam sua f\u00e9 e coragem inabal\u00e1veis, passando pelo tapete preparado com brasas e cinzas sem se queimar, como que por milagre.<\/p>\n<p style=\"text-align: justify;\">J\u00e1 reconhecida e se popularizando cada vez mais em toda a regi\u00e3o, novamente a festa, oficial no calend\u00e1rio de eventos de Ros\u00e1rio da Limeira, atraiu um numeroso p\u00fablico das cidades vizinhas, que anualmente visitam o Ancorado para prestigiar a programa\u00e7\u00e3o. A locu\u00e7\u00e3o ficou por conta de D\u00e9cio Silva.<\/p>\n<p style=\"text-align: justify;\">Segundo o prefeito, Jos\u00e9 Maria, \u00e9 um momento de muita alegria e confraterniza\u00e7\u00e3o e \u00e9 dever da Prefeitura apoiar eventos que tragam lazer, divers\u00e3o e entretenimento das pessoas. <em>\u201cFicamos felizes em proporcionar um momento como esse para a popula\u00e7\u00e3o, pois eles merecem. Al\u00e9m disso, \u00e9 uma oportunidade de atrair visitantes e alavancar a economia local\u201d,<\/em> afirma.<\/p>\n<p>[ngg_images source=&#8221;galleries&#8221; container_ids=&#8221;1036&#8243; display_type=&#8221;photocrati-nextgen_basic_thumbnails&#8221; override_thumbnail_settings=&#8221;0&#8243; thumbnail_width=&#8221;100&#8243; thumbnail_height=&#8221;75&#8243; thumbnail_crop=&#8221;1&#8243; images_per_page=&#8221;0&#8243; number_of_columns=&#8221;0&#8243; ajax_pagination=&#8221;0&#8243; show_all_in_lightbox=&#8221;0&#8243; use_imagebrowser_effect=&#8221;0&#8243; show_slideshow_link=&#8221;1&#8243; slideshow_link_text=&#8221;[Show as slideshow]&#8221; order_by=&#8221;sortorder&#8221; order_direction=&#8221;ASC&#8221; returns=&#8221;included&#8221; maximum_entity_count=&#8221;500&#8243;]<\/p>\n","protected":false},"excerpt":{"rendered":"<p>Com celebra\u00e7\u00e3o religiosa, leil\u00e3o, quadrilha organizada pela pr\u00f3pria comunidade, barracas com bebidas e comidas t\u00edpicas, torneio de futsal, muita m\u00fasica boa com a Banda Sinta Liga e a anima\u00e7\u00e3o de um grande p\u00fablico presente, a Comunidade S\u00e3o Jo\u00e3o Batista (no Ancorado, munic\u00edpio de Ros\u00e1rio da Limeira) comemorou o dia de seu padroeiro, com as atividades [&hellip;]<\/p>\n","protected":false},"author":6,"featured_media":40447,"comment_status":"open","ping_status":"closed","sticky":false,"template":"","format":"standard","meta":{"_joinchat":[],"footnotes":""},"categories":[1],"tags":[],"class_list":["post-40446","post","type-post","status-publish","format-standard","has-post-thumbnail","hentry","category-sem-categoria"],"_links":{"self":[{"href":"http:\/\/folhadosudeste.com\/site\/index.php?rest_route=\/wp\/v2\/posts\/40446","targetHints":{"allow":["GET"]}}],"collection":[{"href":"http:\/\/folhadosudeste.com\/site\/index.php?rest_route=\/wp\/v2\/posts"}],"about":[{"href":"http:\/\/folhadosudeste.com\/site\/index.php?rest_route=\/wp\/v2\/types\/post"}],"author":[{"embeddable":true,"href":"http:\/\/folhadosudeste.com\/site\/index.php?rest_route=\/wp\/v2\/users\/6"}],"replies":[{"embeddable":true,"href":"http:\/\/folhadosudeste.com\/site\/index.php?rest_route=%2Fwp%2Fv2%2Fcomments&post=40446"}],"version-history":[{"count":4,"href":"http:\/\/folhadosudeste.com\/site\/index.php?rest_route=\/wp\/v2\/posts\/40446\/revisions"}],"predecessor-version":[{"id":40762,"href":"http:\/\/folhadosudeste.com\/site\/index.php?rest_route=\/wp\/v2\/posts\/40446\/revisions\/40762"}],"wp:featuredmedia":[{"embeddable":true,"href":"http:\/\/folhadosudeste.com\/site\/index.php?rest_route=\/wp\/v2\/media\/40447"}],"wp:attachment":[{"href":"http:\/\/folhadosudeste.com\/site\/index.php?rest_route=%2Fwp%2Fv2%2Fmedia&parent=40446"}],"wp:term":[{"taxonomy":"category","embeddable":true,"href":"http:\/\/folhadosudeste.com\/site\/index.php?rest_route=%2Fwp%2Fv2%2Fcategories&post=40446"},{"taxonomy":"post_tag","embeddable":true,"href":"http:\/\/folhadosudeste.com\/site\/index.php?rest_route=%2Fwp%2Fv2%2Ftags&post=40446"}],"curies":[{"name":"wp","href":"https:\/\/api.w.org\/{rel}","templated":true}]}}