{"id":40452,"date":"2017-06-29T02:13:45","date_gmt":"2017-06-29T02:13:45","guid":{"rendered":"http:\/\/folhadosudeste.com\/site\/?p=40452"},"modified":"2017-07-03T16:50:47","modified_gmt":"2017-07-03T16:50:47","slug":"crcmg-realiza-circuito-orientativo-de-fiscalizacao-em-muriae","status":"publish","type":"post","link":"http:\/\/folhadosudeste.com\/site\/?p=40452","title":{"rendered":"CRCMG REALIZA CIRCUITO ORIENTATIVO DE FISCALIZA\u00c7\u00c3O  EM MURIA\u00c9"},"content":{"rendered":"<p style=\"text-align: justify;\"><a href=\"http:\/\/folhadosudeste.com\/site\/wp-content\/uploads\/2017\/06\/MAIOR-2.jpg\"><img loading=\"lazy\" decoding=\"async\" class=\"aligncenter wp-image-40453 size-full\" src=\"http:\/\/folhadosudeste.com\/site\/wp-content\/uploads\/2017\/06\/MAIOR-2.jpg\" alt=\"\" width=\"800\" height=\"530\" srcset=\"http:\/\/folhadosudeste.com\/site\/wp-content\/uploads\/2017\/06\/MAIOR-2.jpg 800w, http:\/\/folhadosudeste.com\/site\/wp-content\/uploads\/2017\/06\/MAIOR-2-300x199.jpg 300w, http:\/\/folhadosudeste.com\/site\/wp-content\/uploads\/2017\/06\/MAIOR-2-768x509.jpg 768w\" sizes=\"auto, (max-width: 800px) 100vw, 800px\" \/><\/a><\/p>\n<p style=\"text-align: justify;\">Foi realizado, na noite de ter\u00e7a-feira 27 de junho, no Audit\u00f3rio do SENAI\/FIEMG, o Circuito Orientativo de Fiscaliza\u00e7\u00e3o em Muria\u00e9, com o tema \u2018Sua organiza\u00e7\u00e3o cont\u00e1bil est\u00e1 preparada para a fiscaliza\u00e7\u00e3o do CRCMG?\u2019. Foi uma oportunidade dos participantes tirarem suas d\u00favidas sobre: auditoria, cadastro das organiza\u00e7\u00f5es cont\u00e1beis, contrato de presta\u00e7\u00e3o de servi\u00e7os, decore, elabora\u00e7\u00e3o de escritura\u00e7\u00e3o cont\u00e1bil, estrutura\u00e7\u00e3o das demonstra\u00e7\u00f5es cont\u00e1beis, per\u00edcia e demais informa\u00e7\u00f5es sobre a legisla\u00e7\u00e3o da profiss\u00e3o cont\u00e1bil. Os participantes levaram uma lata de leite em p\u00f3, cuja arrecada\u00e7\u00e3o ser\u00e1 doada a uma institui\u00e7\u00e3o de caridade. O Circuito \u00e9 um projeto da nova diretoria, com o presidente Rog\u00e9rio Marques No\u00e9 e o vice Vidigal Fernandes, que resolveu investir na educa\u00e7\u00e3o e orienta\u00e7\u00e3o profissional, em vez de fazer a fiscaliza\u00e7\u00e3o punitiva, tendo at\u00e9 ent\u00e3o resultados bastante favor\u00e1veis. Na ocasi\u00e3o, foram entregues cinco carteiras profissionais a novos membros (Michel Odon Garcia dos Santos CRC MG-118777\/O, Alcilene Maria Ribeiro Pogianele CRC MG-118945\/O, Marcilene Pe\u00e7anha Vieira Navarro CRC MG-118976\/O, Rafaela de Freitas Candido Assis CRC MG-118872\/O e Danusa Pereira Firmo Silva CRC MG-118701\/O), estando presentes quatro deles no evento.<\/p>\n<p style=\"text-align: justify;\">Robson Barbosa Miranda \u00e9 de Belo Horizonte , Bacharel em Ci\u00eancias Cont\u00e1beis e fiscal do CRCMG, j\u00e1 tendo feito trabalhos por aqui. Segundo ele, o objetivo do circuito \u00e9 orientar o profissional da contabilidade sobre as a\u00e7\u00f5es fiscalizat\u00f3rias do Conselho, atuando na educa\u00e7\u00e3o, orienta\u00e7\u00e3o e prepara\u00e7\u00e3o, de modo que n\u00e3o necessite punir, tendo at\u00e9 ent\u00e3o um resultado bastante positivo. Isso porque, nos anos de 2014-15, foram constatados um grande n\u00famero de casos de profissionais processados por infra\u00e7\u00f5es, mas, a partir da implementa\u00e7\u00e3o do circuito, em 2016 os processos ca\u00edram bastante. <em>\u201c\u00c0s vezes o colega erra por desconhecimento da legisla\u00e7\u00e3o. O curso de Contabilidade, de acordo com o \u00faltimo Censo do IBGE, foi apontado como o 4\u00ba maior do pa\u00eds, atr\u00e1s somente de Administra\u00e7\u00e3o, Direito e Pedagogia, com mais de 350 mil estudantes. H\u00e1 um forte compromisso com a sociedade e \u00e9 bem relevante seu papel para a sociedade, com import\u00e2ncia econ\u00f4mica e social para o pa\u00eds. O Brasil tem mais de 19 milh\u00f5es de empresas ativas, sendo 16,9 micro e pequenas. Elas est\u00e3o nas m\u00e3os dos profissionais da Contabilidade, que trabalham de forma aut\u00f4noma ou atrav\u00e9s das organiza\u00e7\u00f5es cont\u00e1beis, os escrit\u00f3rios de contabilidade\u201d,<\/em> explica.<\/p>\n<p style=\"text-align: justify;\">Luis Dagnoni Filho, presidente da Delegacia Seccional de Muria\u00e9, afirma que o evento \u00e9 uma sequ\u00eancia do trabalho do CRC, que est\u00e1 preocupado com a forma\u00e7\u00e3o profissional, o conhecimento e a \u00e9tica, trazendo informa\u00e7\u00f5es necess\u00e1rias sobre os procedimentos no exerc\u00edcio de suas fun\u00e7\u00f5es. <em>\u201c\u00c9 uma obriga\u00e7\u00e3o e respeito ao cliente. No Circuito, o fiscal do Conselho explica de que forma a fiscaliza\u00e7\u00e3o \u00e9 executada e procedida. Assim, o profissional se prepara para que n\u00e3o seja penalizado sobre o mau exerc\u00edcio de suas atribui\u00e7\u00f5es, quando n\u00e3o executa o trabalho como deveria, para garantir o cliente. Al\u00e9m da palestra, \u00e9 um prazer e honra muito grande entregar as carteiras profissionais aos colegas, que devem se sentir privilegiados por come\u00e7arem na profiss\u00e3o com uma orienta\u00e7\u00e3o t\u00e3o satisfat\u00f3ria. Eles sa\u00edram satisfeitos, cientes de que fizeram uma escolha correta e de muito futuro. O CRCMG possui parcerias muito boas com as entidades, promovendo cursos important\u00edssimos, facilitando a interioriza\u00e7\u00e3o do Conselho, o que \u00e9 fundamental para a classe\u201d,<\/em> acrescenta.<\/p>\n<p style=\"text-align: justify;\">Alcilene Pogianele formou-se h\u00e1 2 anos pela UNOPAR e trabalha na \u00e1rea de Departamento Pessoal, exercendo as atribui\u00e7\u00f5es no escrit\u00f3rio. Para ela, receber a carteira representa um crescimento profissional, abrindo campo para especializar mais. <em>\u201cAmplia muito nossas \u00e1reas. Foi uma palestra muito boa, proporcionando conhecimento e atualiza\u00e7\u00e3o, que s\u00e3o sempre muito bons\u201d, <\/em>destaca.<\/p>\n<p style=\"text-align: justify;\">Marcilene Pe\u00e7anha Navarro ainda n\u00e3o exerce a fun\u00e7\u00e3o, mas trabalha na parte administrativa de uma empresa h\u00e1 19 anos. <em>\u201cA carteira profissional era um sonho, objetivo de muito tempo. Terminei o curso h\u00e1 2 anos, mas no 7\u00ba per\u00edodo da faculdade j\u00e1 prestei a prova e passei, agora recebendo a Identidade Profissional, \u00e9 motivo de muita alegria . A palestra foi muito produtiva e cada vez mais observamos que \u00e9 uma \u00e1rea extensa, sempre com mudan\u00e7as. Temos que ter essas informa\u00e7\u00f5es, ampliando conhecimentos, pois s\u00f3 a faculdade n\u00e3o d\u00e1 o suporte necess\u00e1rio\u201d,<\/em> finaliza.<\/p>\n<p>[ngg_images source=&#8221;galleries&#8221; container_ids=&#8221;1038&#8243; display_type=&#8221;photocrati-nextgen_basic_thumbnails&#8221; override_thumbnail_settings=&#8221;0&#8243; thumbnail_width=&#8221;100&#8243; thumbnail_height=&#8221;75&#8243; thumbnail_crop=&#8221;1&#8243; images_per_page=&#8221;0&#8243; number_of_columns=&#8221;0&#8243; ajax_pagination=&#8221;0&#8243; show_all_in_lightbox=&#8221;0&#8243; use_imagebrowser_effect=&#8221;0&#8243; show_slideshow_link=&#8221;1&#8243; slideshow_link_text=&#8221;[Show as slideshow]&#8221; order_by=&#8221;sortorder&#8221; order_direction=&#8221;ASC&#8221; returns=&#8221;included&#8221; maximum_entity_count=&#8221;500&#8243;]<\/p>\n","protected":false},"excerpt":{"rendered":"<p>Foi realizado, na noite de ter\u00e7a-feira 27 de junho, no Audit\u00f3rio do SENAI\/FIEMG, o Circuito Orientativo de Fiscaliza\u00e7\u00e3o em Muria\u00e9, com o tema \u2018Sua organiza\u00e7\u00e3o cont\u00e1bil est\u00e1 preparada para a fiscaliza\u00e7\u00e3o do CRCMG?\u2019. Foi uma oportunidade dos participantes tirarem suas d\u00favidas sobre: auditoria, cadastro das organiza\u00e7\u00f5es cont\u00e1beis, contrato de presta\u00e7\u00e3o de servi\u00e7os, decore, elabora\u00e7\u00e3o de [&hellip;]<\/p>\n","protected":false},"author":6,"featured_media":40453,"comment_status":"open","ping_status":"closed","sticky":false,"template":"","format":"standard","meta":{"_joinchat":[],"footnotes":""},"categories":[1],"tags":[],"class_list":["post-40452","post","type-post","status-publish","format-standard","has-post-thumbnail","hentry","category-sem-categoria"],"_links":{"self":[{"href":"http:\/\/folhadosudeste.com\/site\/index.php?rest_route=\/wp\/v2\/posts\/40452","targetHints":{"allow":["GET"]}}],"collection":[{"href":"http:\/\/folhadosudeste.com\/site\/index.php?rest_route=\/wp\/v2\/posts"}],"about":[{"href":"http:\/\/folhadosudeste.com\/site\/index.php?rest_route=\/wp\/v2\/types\/post"}],"author":[{"embeddable":true,"href":"http:\/\/folhadosudeste.com\/site\/index.php?rest_route=\/wp\/v2\/users\/6"}],"replies":[{"embeddable":true,"href":"http:\/\/folhadosudeste.com\/site\/index.php?rest_route=%2Fwp%2Fv2%2Fcomments&post=40452"}],"version-history":[{"count":4,"href":"http:\/\/folhadosudeste.com\/site\/index.php?rest_route=\/wp\/v2\/posts\/40452\/revisions"}],"predecessor-version":[{"id":40760,"href":"http:\/\/folhadosudeste.com\/site\/index.php?rest_route=\/wp\/v2\/posts\/40452\/revisions\/40760"}],"wp:featuredmedia":[{"embeddable":true,"href":"http:\/\/folhadosudeste.com\/site\/index.php?rest_route=\/wp\/v2\/media\/40453"}],"wp:attachment":[{"href":"http:\/\/folhadosudeste.com\/site\/index.php?rest_route=%2Fwp%2Fv2%2Fmedia&parent=40452"}],"wp:term":[{"taxonomy":"category","embeddable":true,"href":"http:\/\/folhadosudeste.com\/site\/index.php?rest_route=%2Fwp%2Fv2%2Fcategories&post=40452"},{"taxonomy":"post_tag","embeddable":true,"href":"http:\/\/folhadosudeste.com\/site\/index.php?rest_route=%2Fwp%2Fv2%2Ftags&post=40452"}],"curies":[{"name":"wp","href":"https:\/\/api.w.org\/{rel}","templated":true}]}}