{"id":40458,"date":"2017-06-29T02:16:36","date_gmt":"2017-06-29T02:16:36","guid":{"rendered":"http:\/\/folhadosudeste.com\/site\/?p=40458"},"modified":"2017-07-03T16:50:09","modified_gmt":"2017-07-03T16:50:09","slug":"muito-sucesso-na-mostra-de-conhecimento-e-cultura-da-escola-sao-paulo","status":"publish","type":"post","link":"http:\/\/folhadosudeste.com\/site\/?p=40458","title":{"rendered":"MUITO SUCESSO NA MOSTRA DE CONHECIMENTO E CULTURA DA ESCOLA S\u00c3O PAULO"},"content":{"rendered":"<p style=\"text-align: justify;\"><a href=\"http:\/\/folhadosudeste.com\/site\/wp-content\/uploads\/2017\/06\/MAIOR-4.jpg\"><img loading=\"lazy\" decoding=\"async\" class=\"aligncenter wp-image-40459 size-full\" src=\"http:\/\/folhadosudeste.com\/site\/wp-content\/uploads\/2017\/06\/MAIOR-4.jpg\" alt=\"\" width=\"800\" height=\"533\" srcset=\"http:\/\/folhadosudeste.com\/site\/wp-content\/uploads\/2017\/06\/MAIOR-4.jpg 800w, http:\/\/folhadosudeste.com\/site\/wp-content\/uploads\/2017\/06\/MAIOR-4-300x200.jpg 300w, http:\/\/folhadosudeste.com\/site\/wp-content\/uploads\/2017\/06\/MAIOR-4-768x512.jpg 768w\" sizes=\"auto, (max-width: 800px) 100vw, 800px\" \/><\/a><\/p>\n<p style=\"text-align: justify;\"><strong>\u201cA vida humana em conex\u00e3o com os recursos da Natureza e suas Tecnologias\u201d: Sustentabilidade e Sa\u00fade&#8230;<\/strong><\/p>\n<p style=\"text-align: justify;\">A Escola S\u00e3o Paulo (ESP) realizou, no \u00faltimo s\u00e1bado (24), sua tradicional Mostra de Conhecimento e Cultura, oportunidade que os alunos t\u00eam de mostrar o que aprenderam na sala de aula para a sociedade e interligar os conhecimentos te\u00f3ricos aos pr\u00e1ticos. O evento contou com a presen\u00e7a dos estudantes, seus pais e familiares, professores e demais colaboradores da Institui\u00e7\u00e3o de Ensino. Todos avaliaram positivamente o evento e o empenho de cada aluno na elabora\u00e7\u00e3o de suas apresenta\u00e7\u00f5es.<\/p>\n<p style=\"text-align: justify;\">Isabela Cristina de Matos Cunha, professora de Qu\u00edmica na ESP, em substitui\u00e7\u00e3o \u00e0 Professora Patr\u00edcia, da 9\u00aa s\u00e9rie EF \u00e0 3\u00aa s\u00e9rie EM, explicou que essa \u00e9 a 1\u00aa Mostra de Conhecimento que esteve trabalhando como avaliadora e a import\u00e2ncia do trabalho \u00e9 o contato da parte te\u00f3rica aplicando no experimental, tornando fixo o conhecimento adquirido em sala de aula e aprimorando o que aprenderam. <em>\u201cA escola teve a participa\u00e7\u00e3o do Corpo de Bombeiros, valorizando ainda mais o evento, destacando a import\u00e2ncia dos seus equipamentos, no atendimento \u00e0 popula\u00e7\u00e3o. Quero parabenizar a Escola S\u00e3o Paulo, agradecer pela oportunidade de avaliar e trabalhar com eles. Que eles possam continuar sempre com essa Mostra de Conhecimento e Cultura\u201d,<\/em> acrescenta.<\/p>\n<p style=\"text-align: justify;\">Cristiane Assis, professora de Ci\u00eancias dos 8\u00b0 anos, afirma que esse trabalho \u00e9 muito gratificante, porque os professores come\u00e7am no inicio do ano a comentar com os estudantes sobre a Mostra e eles gostam muito, ficam ansiosos pela chegada do trabalho. <em>\u201cNa sala, eles aprendem a teoria e na feira j\u00e1 \u00e9 a pratica. Esse trabalho fica muito rico, os pais e fam\u00edlia que v\u00eam visitar aprendem muito. J\u00e1 fazemos uma avalia\u00e7\u00e3o em sala e isso enriquece mais o aprendizado deles. Com certeza fica guardado. Tenho que agradecer a nossa escola e os alunos, que procuram, correm atr\u00e1s, pesquisam, investigam, as meninas da limpeza que ajudaram a organizar tudo e as fam\u00edlias que ajudaram muito\u201d,<\/em> completa.<\/p>\n<p style=\"text-align: justify;\">J\u00e1 Maria de F\u00e1tima Sanches Abreu Miranda, \u00e9 professora de Ci\u00eancias na ESP h\u00e1 15 anos. Ela revela que a feira foi programada h\u00e1 uns 2 meses e os professores colocaram para os alunos os temas, os dias de apresenta\u00e7\u00e3o, e eles se empenharam muito, dividindo as equipes e interagindo. <em>\u201cTivemos a presen\u00e7a dos pais com os filhos, ajudando na confec\u00e7\u00e3o dos trabalhos. O tema principal foi a sustentabilidade e sa\u00fade. A partir do momento que preocupamos com nosso planeta, automaticamente cuidamos da nossa sa\u00fade, porque n\u00e3o existe planeta sem cultura de preven\u00e7\u00e3o. Eu, como professora de Ci\u00eancias, fiquei maravilhada com o resultado. Tivemos o apoio tamb\u00e9m das fam\u00edlias, que nos prestigiaram com apoio e muita participa\u00e7\u00e3o e assim pudemos desfrutar dessa riqueza\u201d,<\/em> avalia.<\/p>\n<p style=\"text-align: justify;\">Sargento Agnaldo, do Corpo de Bombeiros, conta que foram convidados pela Escola S\u00e3o Paulo, atrav\u00e9s do Diretor Jos\u00e9 Nicodemos, para fazer uma demonstra\u00e7\u00e3o dos materiais: a parte de inc\u00eandio, materiais de salvamento, retirada de v\u00edtimas presas nas ferragens, salvamento altura e combate ao inc\u00eandio. <em>\u201cOs alunos ficaram curiosos, perguntaram muito a respeito do nosso trabalho e ficamos felizes por demonstrar\u201d,<\/em> acrescenta.<\/p>\n<p style=\"text-align: justify;\">Jo\u00e3o Gabriel Carvalho Melo, aluno do 9\u00b0 ano B, apresentou um trabalho de Gerador de Van de Graff, composto por um terminal de sa\u00edda, uma escova superior, rolete superior, correia, motor, uma escova e rolete inferior. No motor, ele ir\u00e1 liberar uma energia por atrito e nessa energia v\u00e3o cargas el\u00e9tricas, que s\u00e3o negativas e deixar\u00e3o a correia ionizada. <em>\u201cFoi carregada de el\u00e9trons, por ser uma energia por atrito. Aqui o atrito muda, a carga que era el\u00e9trica, ficar\u00e1 de pr\u00f3tons, cargas positivas, ent\u00e3o vai repelir, porque cargas iguais repelem e cargas negativas se atraem. O objetivo \u00e9 mostrar o valor de cada carga. Achamos esse trabalho interessante, algo diferente. O grupo foi Lucas Aguiar, Marcos Medeiros, Ana Carolina dos Santos, Livia Resende e Julio Barbosa\u201d,<\/em> destaca.<\/p>\n<p style=\"text-align: justify;\">Larissa Medeiros Vieira, do 7\u00b0 ano B, estuda na Escola S\u00e3o Paulo h\u00e1 2 anos, e seu grupo foi composto por Gabriela, Carolina e Maria Eduarda, quer comentou sobre o tema \u2018Pir\u00e2mide Alimentar\u2019, destacando os alimentos org\u00e2nicos<em> \u201cque n\u00e3o possuem agrot\u00f3xicos e possuem caracter\u00edsticas de coroderoma, cultiva com equil\u00edbrio, n\u00e3o possuem aditivos e adubos qu\u00edmicos. E para saber se \u00e9 org\u00e2nico, tem que ver pelo selo do Minist\u00e9rio da Agricultura. Ele faz muito bem para sa\u00fade, por\u00e9m, s\u00e3o mais caros\u201d,<\/em> explica. Parab\u00e9ns a todos!<\/p>\n<p>[ngg_images source=&#8221;galleries&#8221; container_ids=&#8221;1040&#8243; display_type=&#8221;photocrati-nextgen_basic_thumbnails&#8221; override_thumbnail_settings=&#8221;0&#8243; thumbnail_width=&#8221;100&#8243; thumbnail_height=&#8221;75&#8243; thumbnail_crop=&#8221;1&#8243; images_per_page=&#8221;0&#8243; number_of_columns=&#8221;0&#8243; ajax_pagination=&#8221;0&#8243; show_all_in_lightbox=&#8221;0&#8243; use_imagebrowser_effect=&#8221;0&#8243; show_slideshow_link=&#8221;1&#8243; slideshow_link_text=&#8221;[Show as slideshow]&#8221; order_by=&#8221;sortorder&#8221; order_direction=&#8221;ASC&#8221; returns=&#8221;included&#8221; maximum_entity_count=&#8221;500&#8243;]<\/p>\n","protected":false},"excerpt":{"rendered":"<p>\u201cA vida humana em conex\u00e3o com os recursos da Natureza e suas Tecnologias\u201d: Sustentabilidade e Sa\u00fade&#8230; A Escola S\u00e3o Paulo (ESP) realizou, no \u00faltimo s\u00e1bado (24), sua tradicional Mostra de Conhecimento e Cultura, oportunidade que os alunos t\u00eam de mostrar o que aprenderam na sala de aula para a sociedade e interligar os conhecimentos te\u00f3ricos [&hellip;]<\/p>\n","protected":false},"author":6,"featured_media":40459,"comment_status":"open","ping_status":"closed","sticky":false,"template":"","format":"standard","meta":{"_joinchat":[],"footnotes":""},"categories":[1],"tags":[],"class_list":["post-40458","post","type-post","status-publish","format-standard","has-post-thumbnail","hentry","category-sem-categoria"],"_links":{"self":[{"href":"http:\/\/folhadosudeste.com\/site\/index.php?rest_route=\/wp\/v2\/posts\/40458","targetHints":{"allow":["GET"]}}],"collection":[{"href":"http:\/\/folhadosudeste.com\/site\/index.php?rest_route=\/wp\/v2\/posts"}],"about":[{"href":"http:\/\/folhadosudeste.com\/site\/index.php?rest_route=\/wp\/v2\/types\/post"}],"author":[{"embeddable":true,"href":"http:\/\/folhadosudeste.com\/site\/index.php?rest_route=\/wp\/v2\/users\/6"}],"replies":[{"embeddable":true,"href":"http:\/\/folhadosudeste.com\/site\/index.php?rest_route=%2Fwp%2Fv2%2Fcomments&post=40458"}],"version-history":[{"count":4,"href":"http:\/\/folhadosudeste.com\/site\/index.php?rest_route=\/wp\/v2\/posts\/40458\/revisions"}],"predecessor-version":[{"id":40758,"href":"http:\/\/folhadosudeste.com\/site\/index.php?rest_route=\/wp\/v2\/posts\/40458\/revisions\/40758"}],"wp:featuredmedia":[{"embeddable":true,"href":"http:\/\/folhadosudeste.com\/site\/index.php?rest_route=\/wp\/v2\/media\/40459"}],"wp:attachment":[{"href":"http:\/\/folhadosudeste.com\/site\/index.php?rest_route=%2Fwp%2Fv2%2Fmedia&parent=40458"}],"wp:term":[{"taxonomy":"category","embeddable":true,"href":"http:\/\/folhadosudeste.com\/site\/index.php?rest_route=%2Fwp%2Fv2%2Fcategories&post=40458"},{"taxonomy":"post_tag","embeddable":true,"href":"http:\/\/folhadosudeste.com\/site\/index.php?rest_route=%2Fwp%2Fv2%2Ftags&post=40458"}],"curies":[{"name":"wp","href":"https:\/\/api.w.org\/{rel}","templated":true}]}}