{"id":40461,"date":"2017-06-29T02:17:41","date_gmt":"2017-06-29T02:17:41","guid":{"rendered":"http:\/\/folhadosudeste.com\/site\/?p=40461"},"modified":"2017-07-03T16:49:55","modified_gmt":"2017-07-03T16:49:55","slug":"cdl-promove-1a-feira-de-negocios-e-desenvolvimento-empresarial-de-muriae","status":"publish","type":"post","link":"http:\/\/folhadosudeste.com\/site\/?p=40461","title":{"rendered":"CDL PROMOVE 1\u00aa FEIRA DE NEG\u00d3CIOS E DESENVOLVIMENTO EMPRESARIAL DE MURIA\u00c9"},"content":{"rendered":"<p style=\"text-align: justify;\"><a href=\"http:\/\/folhadosudeste.com\/site\/wp-content\/uploads\/2017\/06\/MAIOR-5.jpg\"><img loading=\"lazy\" decoding=\"async\" class=\"aligncenter wp-image-40462 size-full\" src=\"http:\/\/folhadosudeste.com\/site\/wp-content\/uploads\/2017\/06\/MAIOR-5.jpg\" alt=\"\" width=\"800\" height=\"600\" srcset=\"http:\/\/folhadosudeste.com\/site\/wp-content\/uploads\/2017\/06\/MAIOR-5.jpg 800w, http:\/\/folhadosudeste.com\/site\/wp-content\/uploads\/2017\/06\/MAIOR-5-300x225.jpg 300w, http:\/\/folhadosudeste.com\/site\/wp-content\/uploads\/2017\/06\/MAIOR-5-768x576.jpg 768w\" sizes=\"auto, (max-width: 800px) 100vw, 800px\" \/><\/a><\/p>\n<p style=\"text-align: justify;\">Foi iniciada, na manh\u00e3 de sexta-feira (23), na Pra\u00e7a Jo\u00e3o Pinheiro, com uma grande e confort\u00e1vel estrutura montada de mais de 20 tendas, a 1\u00aa Feira de Neg\u00f3cios e Desenvolvimento Empresarial de Muria\u00e9, uma promo\u00e7\u00e3o da C\u00e2mara de Dirigentes Lojistas (CDL) com o objetivo de reunir em um \u00fanico lugar empresas de v\u00e1rios setores, expondo e dando visibilidade aos produtos e servi\u00e7os que elas prestam. Nos dias 23 e 24, foram cedidas palestras gratuitas, na sede da CDL-Muria\u00e9, para os comerciantes e empres\u00e1rios serem orientados e aperfei\u00e7oarem seu atendimento, melhorando tamb\u00e9m a qualidade dos seus produtos. A feira tamb\u00e9m incluiu em sua programa\u00e7\u00e3o momentos culturais, com m\u00fasica ao vivo \u00e0 noite, e as tendas gastron\u00f4micas sempre abertas. Os shows ficaram por conta de Jos\u00e9 Carlos &amp; Maikon e Banda Live Music Retro (23\/06) e Banda 6 Segundos (24\/06). Um grande p\u00fablico passou pelo local, observando os expositores durante os dois dias de evento, muitos deles tornando-se potenciais consumidores.<\/p>\n<p style=\"text-align: justify;\">Segundo Leandro Latini Veiga, presidente da CDL Muria\u00e9, a entidade foi contemplada com um projeto da CODEMIG, que apoiou e foi a grande patrocinadora do evento. Para ele, a maior vantagem \u00e9 que as empresas expositoras foram todas de Muria\u00e9, permitindo movimentar o com\u00e9rcio e ajudar as pessoas a fazerem neg\u00f3cios. <em>\u201cA CDL busca sempre fomentar o com\u00e9rcio, pensando nos lojistas. Tivemos 22 participantes de segmentos diferentes e a popula\u00e7\u00e3o conheceu novos produtos e fornecedores. A maioria deles n\u00e3o era do Centro ou nem possuem loja f\u00edsica, trabalhando com a presta\u00e7\u00e3o de servi\u00e7os, ent\u00e3o foi uma grande oportunidade para ambos os lados. Tivemos no final do dia o happy hour, boa m\u00fasica, exposi\u00e7\u00e3o de bebidas, drinks, comida, etc. Gostaria de agradecer nossa diretoria volunt\u00e1ria, que trabalha de cora\u00e7\u00e3o, \u00e9 sempre participativa e atuante. Tamb\u00e9m aos colaboradores, que correm atr\u00e1s, os expositores e apoiadores, que acreditaram em nosso projeto e confiaram em nosso trabalho\u201d,<\/em> destaca.<\/p>\n<p style=\"text-align: justify;\">L\u00edvia, explica que \u00e9 o primeiro evento deste tipo que est\u00e1 fazendo, com a oportunidade de trazer muitos clientes. <em>\u201cA expectativa \u00e9 essa, expor nosso trabalho, como \u00e9 a nossa presta\u00e7\u00e3o de servi\u00e7os, e torcer para que isso aconte\u00e7a, porque \u00e9 o que esperamos. Propaganda \u00e9 a alma do neg\u00f3cio. O evento ficou muito bom, com empresas conhecidas, empr\u00e9stimos e produtos\u201d,<\/em> afirma.<\/p>\n<p style=\"text-align: justify;\">R\u00e9gis, consultor de vendas, tamb\u00e9m destaca que o esperado desse evento \u00e9 divulgar o produto da empresa que representa. <em>\u201c Temos uma expectativa muito boa com essa divulga\u00e7\u00e3o\u201d,<\/em> acrescenta.<\/p>\n<p style=\"text-align: justify;\">Israel, tamb\u00e9m espera um grande sucesso, com a oportunidade de ver o potencial do evento, com excelentes expectativas. <em>\u201cEsperamos que aconte\u00e7am mais eventos como esse\u201d,<\/em> completa.<\/p>\n<p>[ngg_images source=&#8221;galleries&#8221; container_ids=&#8221;1041&#8243; display_type=&#8221;photocrati-nextgen_basic_thumbnails&#8221; override_thumbnail_settings=&#8221;0&#8243; thumbnail_width=&#8221;100&#8243; thumbnail_height=&#8221;75&#8243; thumbnail_crop=&#8221;1&#8243; images_per_page=&#8221;0&#8243; number_of_columns=&#8221;0&#8243; ajax_pagination=&#8221;0&#8243; show_all_in_lightbox=&#8221;0&#8243; use_imagebrowser_effect=&#8221;0&#8243; show_slideshow_link=&#8221;1&#8243; slideshow_link_text=&#8221;[Show as slideshow]&#8221; order_by=&#8221;sortorder&#8221; order_direction=&#8221;ASC&#8221; returns=&#8221;included&#8221; maximum_entity_count=&#8221;500&#8243;]<\/p>\n","protected":false},"excerpt":{"rendered":"<p>Foi iniciada, na manh\u00e3 de sexta-feira (23), na Pra\u00e7a Jo\u00e3o Pinheiro, com uma grande e confort\u00e1vel estrutura montada de mais de 20 tendas, a 1\u00aa Feira de Neg\u00f3cios e Desenvolvimento Empresarial de Muria\u00e9, uma promo\u00e7\u00e3o da C\u00e2mara de Dirigentes Lojistas (CDL) com o objetivo de reunir em um \u00fanico lugar empresas de v\u00e1rios setores, expondo [&hellip;]<\/p>\n","protected":false},"author":6,"featured_media":40462,"comment_status":"open","ping_status":"closed","sticky":false,"template":"","format":"standard","meta":{"_joinchat":[],"footnotes":""},"categories":[1],"tags":[],"class_list":["post-40461","post","type-post","status-publish","format-standard","has-post-thumbnail","hentry","category-sem-categoria"],"_links":{"self":[{"href":"http:\/\/folhadosudeste.com\/site\/index.php?rest_route=\/wp\/v2\/posts\/40461","targetHints":{"allow":["GET"]}}],"collection":[{"href":"http:\/\/folhadosudeste.com\/site\/index.php?rest_route=\/wp\/v2\/posts"}],"about":[{"href":"http:\/\/folhadosudeste.com\/site\/index.php?rest_route=\/wp\/v2\/types\/post"}],"author":[{"embeddable":true,"href":"http:\/\/folhadosudeste.com\/site\/index.php?rest_route=\/wp\/v2\/users\/6"}],"replies":[{"embeddable":true,"href":"http:\/\/folhadosudeste.com\/site\/index.php?rest_route=%2Fwp%2Fv2%2Fcomments&post=40461"}],"version-history":[{"count":4,"href":"http:\/\/folhadosudeste.com\/site\/index.php?rest_route=\/wp\/v2\/posts\/40461\/revisions"}],"predecessor-version":[{"id":40757,"href":"http:\/\/folhadosudeste.com\/site\/index.php?rest_route=\/wp\/v2\/posts\/40461\/revisions\/40757"}],"wp:featuredmedia":[{"embeddable":true,"href":"http:\/\/folhadosudeste.com\/site\/index.php?rest_route=\/wp\/v2\/media\/40462"}],"wp:attachment":[{"href":"http:\/\/folhadosudeste.com\/site\/index.php?rest_route=%2Fwp%2Fv2%2Fmedia&parent=40461"}],"wp:term":[{"taxonomy":"category","embeddable":true,"href":"http:\/\/folhadosudeste.com\/site\/index.php?rest_route=%2Fwp%2Fv2%2Fcategories&post=40461"},{"taxonomy":"post_tag","embeddable":true,"href":"http:\/\/folhadosudeste.com\/site\/index.php?rest_route=%2Fwp%2Fv2%2Ftags&post=40461"}],"curies":[{"name":"wp","href":"https:\/\/api.w.org\/{rel}","templated":true}]}}