{"id":40770,"date":"2017-07-05T18:39:05","date_gmt":"2017-07-05T18:39:05","guid":{"rendered":"http:\/\/folhadosudeste.com\/site\/?p=40770"},"modified":"2017-07-05T18:39:05","modified_gmt":"2017-07-05T18:39:05","slug":"prefeitura-realiza-processo-seletivo-para-contratacao-de-tecnicos-para-peti","status":"publish","type":"post","link":"http:\/\/folhadosudeste.com\/site\/?p=40770","title":{"rendered":"PREFEITURA REALIZA PROCESSO SELETIVO PARA CONTRATA\u00c7\u00c3O DE T\u00c9CNICOS PARA PETI"},"content":{"rendered":"<p align=\"center\"><a href=\"http:\/\/folhadosudeste.com\/site\/wp-content\/uploads\/2017\/07\/Processo-seletivo-para-contrata\u00e7\u00e3o-de-t\u00e9cnicos-para-PETI.jpg\"><img loading=\"lazy\" decoding=\"async\" class=\"aligncenter wp-image-40771 size-full\" src=\"http:\/\/folhadosudeste.com\/site\/wp-content\/uploads\/2017\/07\/Processo-seletivo-para-contrata\u00e7\u00e3o-de-t\u00e9cnicos-para-PETI.jpg\" alt=\"\" width=\"1247\" height=\"937\" srcset=\"http:\/\/folhadosudeste.com\/site\/wp-content\/uploads\/2017\/07\/Processo-seletivo-para-contrata\u00e7\u00e3o-de-t\u00e9cnicos-para-PETI.jpg 1247w, http:\/\/folhadosudeste.com\/site\/wp-content\/uploads\/2017\/07\/Processo-seletivo-para-contrata\u00e7\u00e3o-de-t\u00e9cnicos-para-PETI-300x225.jpg 300w, http:\/\/folhadosudeste.com\/site\/wp-content\/uploads\/2017\/07\/Processo-seletivo-para-contrata\u00e7\u00e3o-de-t\u00e9cnicos-para-PETI-768x577.jpg 768w, http:\/\/folhadosudeste.com\/site\/wp-content\/uploads\/2017\/07\/Processo-seletivo-para-contrata\u00e7\u00e3o-de-t\u00e9cnicos-para-PETI-1024x769.jpg 1024w\" sizes=\"auto, (max-width: 1247px) 100vw, 1247px\" \/><\/a><\/p>\n<p class=\"m_5300663368469720963gmail-MsoNoSpacing\" style=\"text-align: center;\" align=\"center\"><i>T\u00e9cnicos v\u00e3o auxiliar no combate ao trabalho infantil na cidade<\/i><\/p>\n<p class=\"m_5300663368469720963gmail-MsoNoSpacing\" style=\"text-align: justify;\" align=\"center\">Cerca de 50 candidatos participaram do processo seletivo promovido pela Prefeitura de Muria\u00e9 para preenchimento de duas vagas de t\u00e9cnicos que v\u00e3o atuar no Programa de Erradica\u00e7\u00e3o do Trabalho Infantil (PETI). O exame de sele\u00e7\u00e3o aconteceu na tarde de ter\u00e7a-feira (4), na Escola Municipal Gilberto Jos\u00e9 Tanuz Braz. O resultado provis\u00f3rio ser\u00e1 divulgado no dia 11 deste m\u00eas. A previs\u00e3o \u00e9 que os t\u00e9cnicos comecem a atuar no final de julho, auxiliando no combate ao trabalho precoce e na preserva\u00e7\u00e3o dos direitos das crian\u00e7as e adolescentes.<\/p>\n<p class=\"m_5300663368469720963gmail-MsoNoSpacing\" style=\"text-align: justify;\">O PETI \u00e9 um programa do Governo Federal desenvolvido em parceria com os munic\u00edpios para retirar crian\u00e7as e adolescentes menores de 16 anos do trabalho precoce, exceto na condi\u00e7\u00e3o de aprendiz a partir dos 14. O programa, al\u00e9m de assegurar transfer\u00eancia direta de renda \u00e0s fam\u00edlias, oferece inclus\u00e3o das crian\u00e7as e dos jovens em servi\u00e7os de orienta\u00e7\u00e3o. Os dois t\u00e9cnicos a serem contratados \u2013 um de n\u00edvel m\u00e9dio e outro de n\u00edvel superior formado em Psicologia ou Assist\u00eancia Social \u2013 v\u00e3o mapear situa\u00e7\u00f5es de trabalho infantil para que as fam\u00edlias sejam acompanhadas de perto e encaminhadas para o Servi\u00e7o de Conviv\u00eancia e Fortalecimento de V\u00ednculos (SCFV) e o Programa de Acompanhamento Integral \u00e0 Fam\u00edlia. Inicialmente, est\u00e1 previsto o pagamento de uma bolsa no valor de R$ 25,00 para a fam\u00edlia.<\/p>\n<p class=\"m_5300663368469720963gmail-MsoNoSpacing\" style=\"text-align: justify;\">\u201cNa d\u00e9cada de 90, o PETI tinha o objetivo de erradicar o trabalho infantil principalmente no meio rural, com as crian\u00e7as que trabalhavam nas carvoarias. Hoje, temos outra realidade, que s\u00e3o situa\u00e7\u00f5es mais dif\u00edceis de serem identificadas, como o trabalho infantil dom\u00e9stico, por exemplo. Para isso, precisamos de t\u00e9cnicos para ir at\u00e9 as casas e compreender as rela\u00e7\u00f5es da fam\u00edlia. \u00c0s vezes, nem os pr\u00f3prios pais sabem que est\u00e3o violando o direito da crian\u00e7a\u201d, explica o chefe do Departamento de Vigil\u00e2ncia Socioassistencial da Secretaria Municipal de Desenvolvimento Social, Arthur Venuto.<\/p>\n<p class=\"m_5300663368469720963gmail-MsoNoSpacing\" style=\"text-align: center;\"><b>PREFEITO RESSALTA IMPORT\u00c2NCIA DE OFERECER FUTURO E OPORTUNIDADES AOS JOVENS MURIAEENSES<\/b><\/p>\n<p class=\"m_5300663368469720963gmail-MsoNoSpacing\" style=\"text-align: justify;\">O prefeito Grego frisa que os novos t\u00e9cnicos v\u00e3o realizar um trabalho importante para o desenvolvimento sadio dos jovens. \u201cAs crian\u00e7as e adolescentes merecem ser tratadas com todo o carinho e aten\u00e7\u00e3o. Por isso, vamos acompanhar de perto, atrav\u00e9s dos novos t\u00e9cnicos, tudo o que possa violar os seus direitos. Queremos dar educa\u00e7\u00e3o, oportunidades e um futuro para, assim, construir um novo caminho para nossos jovens\u201d, afirma.<\/p>\n","protected":false},"excerpt":{"rendered":"<p>T\u00e9cnicos v\u00e3o auxiliar no combate ao trabalho infantil na cidade Cerca de 50 candidatos participaram do processo seletivo promovido pela Prefeitura de Muria\u00e9 para preenchimento de duas vagas de t\u00e9cnicos que v\u00e3o atuar no Programa de Erradica\u00e7\u00e3o do Trabalho Infantil (PETI). O exame de sele\u00e7\u00e3o aconteceu na tarde de ter\u00e7a-feira (4), na Escola Municipal Gilberto [&hellip;]<\/p>\n","protected":false},"author":6,"featured_media":40771,"comment_status":"open","ping_status":"closed","sticky":false,"template":"","format":"standard","meta":{"_joinchat":[],"footnotes":""},"categories":[1],"tags":[],"class_list":["post-40770","post","type-post","status-publish","format-standard","has-post-thumbnail","hentry","category-sem-categoria"],"_links":{"self":[{"href":"http:\/\/folhadosudeste.com\/site\/index.php?rest_route=\/wp\/v2\/posts\/40770","targetHints":{"allow":["GET"]}}],"collection":[{"href":"http:\/\/folhadosudeste.com\/site\/index.php?rest_route=\/wp\/v2\/posts"}],"about":[{"href":"http:\/\/folhadosudeste.com\/site\/index.php?rest_route=\/wp\/v2\/types\/post"}],"author":[{"embeddable":true,"href":"http:\/\/folhadosudeste.com\/site\/index.php?rest_route=\/wp\/v2\/users\/6"}],"replies":[{"embeddable":true,"href":"http:\/\/folhadosudeste.com\/site\/index.php?rest_route=%2Fwp%2Fv2%2Fcomments&post=40770"}],"version-history":[{"count":1,"href":"http:\/\/folhadosudeste.com\/site\/index.php?rest_route=\/wp\/v2\/posts\/40770\/revisions"}],"predecessor-version":[{"id":40772,"href":"http:\/\/folhadosudeste.com\/site\/index.php?rest_route=\/wp\/v2\/posts\/40770\/revisions\/40772"}],"wp:featuredmedia":[{"embeddable":true,"href":"http:\/\/folhadosudeste.com\/site\/index.php?rest_route=\/wp\/v2\/media\/40771"}],"wp:attachment":[{"href":"http:\/\/folhadosudeste.com\/site\/index.php?rest_route=%2Fwp%2Fv2%2Fmedia&parent=40770"}],"wp:term":[{"taxonomy":"category","embeddable":true,"href":"http:\/\/folhadosudeste.com\/site\/index.php?rest_route=%2Fwp%2Fv2%2Fcategories&post=40770"},{"taxonomy":"post_tag","embeddable":true,"href":"http:\/\/folhadosudeste.com\/site\/index.php?rest_route=%2Fwp%2Fv2%2Ftags&post=40770"}],"curies":[{"name":"wp","href":"https:\/\/api.w.org\/{rel}","templated":true}]}}