{"id":40780,"date":"2017-07-05T20:52:51","date_gmt":"2017-07-05T20:52:51","guid":{"rendered":"http:\/\/folhadosudeste.com\/site\/?p=40780"},"modified":"2017-07-07T15:39:48","modified_gmt":"2017-07-07T15:39:48","slug":"maria-do-carmo-e-reeleita-presidente-da-associacao-de-moradores-do-bairro-joao-xxiii","status":"publish","type":"post","link":"http:\/\/folhadosudeste.com\/site\/?p=40780","title":{"rendered":"MARIA DO CARMO \u00c9 REELEITA PRESIDENTE DA ASSOCIA\u00c7\u00c3O DE MORADORES DO BAIRRO JO\u00c3O XXIII"},"content":{"rendered":"<p><a href=\"http:\/\/folhadosudeste.com\/site\/wp-content\/uploads\/2017\/07\/WhatsApp-Image-2017-07-03-at-21.42.34.jpeg\"><img loading=\"lazy\" decoding=\"async\" class=\"aligncenter wp-image-40781 size-full\" src=\"http:\/\/folhadosudeste.com\/site\/wp-content\/uploads\/2017\/07\/WhatsApp-Image-2017-07-03-at-21.42.34.jpeg\" alt=\"\" width=\"800\" height=\"450\" srcset=\"http:\/\/folhadosudeste.com\/site\/wp-content\/uploads\/2017\/07\/WhatsApp-Image-2017-07-03-at-21.42.34.jpeg 800w, http:\/\/folhadosudeste.com\/site\/wp-content\/uploads\/2017\/07\/WhatsApp-Image-2017-07-03-at-21.42.34-300x169.jpeg 300w, http:\/\/folhadosudeste.com\/site\/wp-content\/uploads\/2017\/07\/WhatsApp-Image-2017-07-03-at-21.42.34-768x432.jpeg 768w\" sizes=\"auto, (max-width: 800px) 100vw, 800px\" \/><\/a><\/p>\n<p style=\"text-align: justify;\">Maria do Carmo Tostes Silva (Du Carmo) foi reeleita presidente da Associa\u00e7\u00e3o de Moradores do Bairro Jo\u00e3o XXIII, em vota\u00e7\u00e3o que contou com chapa \u00fanica. O balan\u00e7o que ela faz do trabalho realizado no mandato anterior \u00e9 positivo, com grande ajuda de sua equipe, conseguindo muitas melhorias por meio da Prefeitura de Muria\u00e9, como limpeza do escad\u00e3o e da pra\u00e7a. <em>\u201cConsidero que essa primeira gest\u00e3o foi muito boa e que a segunda tamb\u00e9m ser\u00e1, principalmente no que se refere \u00e0 Parte Alta do bairro, da qual sou muito cobrada. S\u00e3o 9 pessoas que comp\u00f5em a diretoria, tendo ao meu lado a vice-presidente Marilda, o secret\u00e1rio Tarcisio e o vice- secret\u00e1rio Odilon Braga. Vieram v\u00e1rias pessoas para votar no sal\u00e3o da Igreja S\u00e3o Jo\u00e3o Evangelista, cientes da import\u00e2ncia de ter um representante no bairro, porque se ningu\u00e9m pedir nada, o prefeito n\u00e3o vai saber. Felizmente sempre fui muito bem atendida. Agrade\u00e7o aos moradores pela organiza\u00e7\u00e3o, paci\u00eancia e prometo que vou continuar lutando pelo nosso bairro sempre\u201d,<\/em> destaca.<\/p>\n<p>&nbsp;<\/p>\n<p style=\"text-align: justify;\"><strong>Diretoria<\/strong><\/p>\n<p style=\"text-align: justify;\">&nbsp;<\/p>\n<p style=\"text-align: justify;\"><strong>Presidente:<\/strong> Maria do Carmo Tostes Silva<\/p>\n<p style=\"text-align: justify;\"><strong>Vice-presidente:<\/strong> Marilda de Lourdes Silva Silveira<\/p>\n<p style=\"text-align: justify;\"><strong>Secret\u00e1rio:<\/strong> Tarc\u00edsio Jos\u00e9 Te\u00f3filo<\/p>\n<p style=\"text-align: justify;\"><strong>Vice-secret\u00e1rio:<\/strong> Odilon Fructuoso Braga<\/p>\n<p style=\"text-align: justify;\"><strong>Tesoureira:<\/strong> Patr\u00edcia Pedrosa Silva<\/p>\n<p style=\"text-align: justify;\"><strong>Vice-tesoureira:<\/strong> Vaneide Helena Camerini Silva<\/p>\n<p style=\"text-align: justify;\"><strong>Conselho Fiscal:<\/strong> Sandra Gomes Leal Braga, Wanderley Clark dos Santos, Roney Jos\u00e9 Nery e M\u00e1rcio Ferreira de Oliveira.<\/p>\n<p style=\"text-align: justify;\"><strong>Suplentes:<\/strong> Guilhermina Angela Bonato Andrade, Paulo Pimentel, Ant\u00f4nio Jos\u00e9 de Oliveira<\/p>\n<p>[ngg_images source=&#8221;galleries&#8221; container_ids=&#8221;1043&#8243; display_type=&#8221;photocrati-nextgen_basic_thumbnails&#8221; override_thumbnail_settings=&#8221;0&#8243; thumbnail_width=&#8221;100&#8243; thumbnail_height=&#8221;75&#8243; thumbnail_crop=&#8221;1&#8243; images_per_page=&#8221;0&#8243; number_of_columns=&#8221;0&#8243; ajax_pagination=&#8221;0&#8243; show_all_in_lightbox=&#8221;0&#8243; use_imagebrowser_effect=&#8221;0&#8243; show_slideshow_link=&#8221;1&#8243; slideshow_link_text=&#8221;[Show as slideshow]&#8221; order_by=&#8221;sortorder&#8221; order_direction=&#8221;ASC&#8221; returns=&#8221;included&#8221; maximum_entity_count=&#8221;500&#8243;]<\/p>\n","protected":false},"excerpt":{"rendered":"<p>Maria do Carmo Tostes Silva (Du Carmo) foi reeleita presidente da Associa\u00e7\u00e3o de Moradores do Bairro Jo\u00e3o XXIII, em vota\u00e7\u00e3o que contou com chapa \u00fanica. O balan\u00e7o que ela faz do trabalho realizado no mandato anterior \u00e9 positivo, com grande ajuda de sua equipe, conseguindo muitas melhorias por meio da Prefeitura de Muria\u00e9, como limpeza [&hellip;]<\/p>\n","protected":false},"author":6,"featured_media":40781,"comment_status":"open","ping_status":"closed","sticky":false,"template":"","format":"standard","meta":{"_joinchat":[],"footnotes":""},"categories":[1],"tags":[],"class_list":["post-40780","post","type-post","status-publish","format-standard","has-post-thumbnail","hentry","category-sem-categoria"],"_links":{"self":[{"href":"http:\/\/folhadosudeste.com\/site\/index.php?rest_route=\/wp\/v2\/posts\/40780","targetHints":{"allow":["GET"]}}],"collection":[{"href":"http:\/\/folhadosudeste.com\/site\/index.php?rest_route=\/wp\/v2\/posts"}],"about":[{"href":"http:\/\/folhadosudeste.com\/site\/index.php?rest_route=\/wp\/v2\/types\/post"}],"author":[{"embeddable":true,"href":"http:\/\/folhadosudeste.com\/site\/index.php?rest_route=\/wp\/v2\/users\/6"}],"replies":[{"embeddable":true,"href":"http:\/\/folhadosudeste.com\/site\/index.php?rest_route=%2Fwp%2Fv2%2Fcomments&post=40780"}],"version-history":[{"count":2,"href":"http:\/\/folhadosudeste.com\/site\/index.php?rest_route=\/wp\/v2\/posts\/40780\/revisions"}],"predecessor-version":[{"id":41031,"href":"http:\/\/folhadosudeste.com\/site\/index.php?rest_route=\/wp\/v2\/posts\/40780\/revisions\/41031"}],"wp:featuredmedia":[{"embeddable":true,"href":"http:\/\/folhadosudeste.com\/site\/index.php?rest_route=\/wp\/v2\/media\/40781"}],"wp:attachment":[{"href":"http:\/\/folhadosudeste.com\/site\/index.php?rest_route=%2Fwp%2Fv2%2Fmedia&parent=40780"}],"wp:term":[{"taxonomy":"category","embeddable":true,"href":"http:\/\/folhadosudeste.com\/site\/index.php?rest_route=%2Fwp%2Fv2%2Fcategories&post=40780"},{"taxonomy":"post_tag","embeddable":true,"href":"http:\/\/folhadosudeste.com\/site\/index.php?rest_route=%2Fwp%2Fv2%2Ftags&post=40780"}],"curies":[{"name":"wp","href":"https:\/\/api.w.org\/{rel}","templated":true}]}}