{"id":40791,"date":"2017-07-07T15:08:54","date_gmt":"2017-07-07T15:08:54","guid":{"rendered":"http:\/\/folhadosudeste.com\/site\/?p=40791"},"modified":"2017-07-07T15:08:54","modified_gmt":"2017-07-07T15:08:54","slug":"contribuintes-de-muriae-ja-podem-pedir-isencao-de-iptu-2","status":"publish","type":"post","link":"http:\/\/folhadosudeste.com\/site\/?p=40791","title":{"rendered":"CONTRIBUINTES DE MURIA\u00c9 J\u00c1 PODEM PEDIR ISEN\u00c7\u00c3O DE IPTU"},"content":{"rendered":"<p style=\"text-align: justify;\"><a href=\"http:\/\/folhadosudeste.com\/site\/wp-content\/uploads\/2017\/07\/CONTRIBUINTES.jpg\"><img loading=\"lazy\" decoding=\"async\" class=\"aligncenter size-full wp-image-40792\" src=\"http:\/\/folhadosudeste.com\/site\/wp-content\/uploads\/2017\/07\/CONTRIBUINTES.jpg\" alt=\"\" width=\"620\" height=\"233\" srcset=\"http:\/\/folhadosudeste.com\/site\/wp-content\/uploads\/2017\/07\/CONTRIBUINTES.jpg 620w, http:\/\/folhadosudeste.com\/site\/wp-content\/uploads\/2017\/07\/CONTRIBUINTES-300x113.jpg 300w\" sizes=\"auto, (max-width: 620px) 100vw, 620px\" \/><\/a><\/p>\n<p style=\"text-align: justify;\"><strong><em>Benef\u00edcios tamb\u00e9m s\u00e3o estendidos para vi\u00favas e vi\u00favos, integrantes do Programa Minha casa Minha Vida e incapacitados<\/em><\/strong><\/p>\n<p style=\"text-align: justify;\">Vi\u00favos e vi\u00favas, inscritos no Programa Minha Casa\/Minha Vida e incapacitados ao trabalho podem pedir isen\u00e7\u00e3o do IPTU 2017 na Prefeitura de Muria\u00e9 at\u00e9 o dia 30 de agosto. O atendimento \u00e9 realizado no Cadastro Imobili\u00e1rio, localizado no andar t\u00e9rreo do Centro Administrativo, \u00e0s segundas, quartas e sextas-feiras, entre 8 e 11 horas e, na parte da tarde, entre 13 e 16:30 horas. O objetivo da isen\u00e7\u00e3o \u00e9 beneficiar \u00e0queles aqueles que perderam seus parceiros e precisam administrar seus lares sozinhos ou mesmo aos incapacitados para o trabalho.<\/p>\n<p style=\"text-align: justify;\">Os contemplados podem ir \u00e0 Prefeitura para buscar as informa\u00e7\u00f5es sobre a documenta\u00e7\u00e3o necess\u00e1ria para cada caso. De acordo com o Prefeito Grego, a isen\u00e7\u00e3o \u00e9 um benef\u00edcio para aqueles que j\u00e1 serviram \u00e0 sociedade e, agora, por motivos de doen\u00e7a ou invalidez, n\u00e3o t\u00eam mais condi\u00e7\u00f5es de colaborar com os impostos municipais. &#8220;Quando as pessoas chegam numa determinada idade, ou mesmo quando adquirem doen\u00e7as que se manifestam de forma progressiva, \u00e9 hora de receber assist\u00eancia. S\u00e3o trabalhadores e trabalhadoras que j\u00e1 colaboraram muito para nossa cidade e, agora, merecem este benef\u00edcio&#8221;, explicou o Prefeito.<\/p>\n<p style=\"text-align: justify;\">Veja mais na edi\u00e7\u00e3o 765 do Folha do Sudeste<\/p>\n","protected":false},"excerpt":{"rendered":"<p>Benef\u00edcios tamb\u00e9m s\u00e3o estendidos para vi\u00favas e vi\u00favos, integrantes do Programa Minha casa Minha Vida e incapacitados Vi\u00favos e vi\u00favas, inscritos no Programa Minha Casa\/Minha Vida e incapacitados ao trabalho podem pedir isen\u00e7\u00e3o do IPTU 2017 na Prefeitura de Muria\u00e9 at\u00e9 o dia 30 de agosto. O atendimento \u00e9 realizado no Cadastro Imobili\u00e1rio, localizado no [&hellip;]<\/p>\n","protected":false},"author":2,"featured_media":40792,"comment_status":"open","ping_status":"closed","sticky":false,"template":"","format":"standard","meta":{"_joinchat":[],"footnotes":""},"categories":[1],"tags":[],"class_list":["post-40791","post","type-post","status-publish","format-standard","has-post-thumbnail","hentry","category-sem-categoria"],"_links":{"self":[{"href":"http:\/\/folhadosudeste.com\/site\/index.php?rest_route=\/wp\/v2\/posts\/40791","targetHints":{"allow":["GET"]}}],"collection":[{"href":"http:\/\/folhadosudeste.com\/site\/index.php?rest_route=\/wp\/v2\/posts"}],"about":[{"href":"http:\/\/folhadosudeste.com\/site\/index.php?rest_route=\/wp\/v2\/types\/post"}],"author":[{"embeddable":true,"href":"http:\/\/folhadosudeste.com\/site\/index.php?rest_route=\/wp\/v2\/users\/2"}],"replies":[{"embeddable":true,"href":"http:\/\/folhadosudeste.com\/site\/index.php?rest_route=%2Fwp%2Fv2%2Fcomments&post=40791"}],"version-history":[{"count":1,"href":"http:\/\/folhadosudeste.com\/site\/index.php?rest_route=\/wp\/v2\/posts\/40791\/revisions"}],"predecessor-version":[{"id":40793,"href":"http:\/\/folhadosudeste.com\/site\/index.php?rest_route=\/wp\/v2\/posts\/40791\/revisions\/40793"}],"wp:featuredmedia":[{"embeddable":true,"href":"http:\/\/folhadosudeste.com\/site\/index.php?rest_route=\/wp\/v2\/media\/40792"}],"wp:attachment":[{"href":"http:\/\/folhadosudeste.com\/site\/index.php?rest_route=%2Fwp%2Fv2%2Fmedia&parent=40791"}],"wp:term":[{"taxonomy":"category","embeddable":true,"href":"http:\/\/folhadosudeste.com\/site\/index.php?rest_route=%2Fwp%2Fv2%2Fcategories&post=40791"},{"taxonomy":"post_tag","embeddable":true,"href":"http:\/\/folhadosudeste.com\/site\/index.php?rest_route=%2Fwp%2Fv2%2Ftags&post=40791"}],"curies":[{"name":"wp","href":"https:\/\/api.w.org\/{rel}","templated":true}]}}