{"id":40794,"date":"2017-07-07T15:09:30","date_gmt":"2017-07-07T15:09:30","guid":{"rendered":"http:\/\/folhadosudeste.com\/site\/?p=40794"},"modified":"2017-07-07T15:39:34","modified_gmt":"2017-07-07T15:39:34","slug":"braulio-braz-se-reune-com-vereador-de-muriae","status":"publish","type":"post","link":"http:\/\/folhadosudeste.com\/site\/?p=40794","title":{"rendered":"BRAULIO BRAZ SE RE\u00daNE COM VEREADOR DE MURIA\u00c9"},"content":{"rendered":"<p style=\"text-align: justify;\"><a href=\"http:\/\/folhadosudeste.com\/site\/wp-content\/uploads\/2017\/07\/BRAULIO-VEREADOR.jpg\"><img loading=\"lazy\" decoding=\"async\" class=\"aligncenter size-full wp-image-40795\" src=\"http:\/\/folhadosudeste.com\/site\/wp-content\/uploads\/2017\/07\/BRAULIO-VEREADOR.jpg\" alt=\"\" width=\"620\" height=\"248\" srcset=\"http:\/\/folhadosudeste.com\/site\/wp-content\/uploads\/2017\/07\/BRAULIO-VEREADOR.jpg 620w, http:\/\/folhadosudeste.com\/site\/wp-content\/uploads\/2017\/07\/BRAULIO-VEREADOR-300x120.jpg 300w\" sizes=\"auto, (max-width: 620px) 100vw, 620px\" \/><\/a><\/p>\n<p style=\"text-align: justify;\">O deputado Braulio Braz, no final de semana, tamb\u00e9m se reuniu, em seu escrit\u00f3rio, com o vereador, de Muria\u00e9, Elvandro Maciel da Silva (Evandro Cheiroso), acompanhado de seu filho, Matheus Mendes, onde falaram sobre a representatividade, exercida pelo parlamentar, em prol das causas do munic\u00edpio. Por vez, o encontro tamb\u00e9m norteou as pr\u00f3ximas a\u00e7\u00f5es que ser\u00e3o desempenhadas em busca de melhorias, bem como a execu\u00e7\u00e3o de projetos e obras. O vereador Elvandro destacou a satisfa\u00e7\u00e3o que tem por ser aliado do deputado e que muito poder\u00e1 ser feito por Muria\u00e9. &#8220;Braulio \u00e9 da nossa terra, conhece nossa realidade e, nestes anos, na Assembleia, tem direcionado recursos e sido essencial para possibilitar as conquistas que melhoram, e muito, a nossa cidade. Somos parceiros para sempre trabalhar por Muria\u00e9&#8221;, disse.<\/p>\n<p style=\"text-align: justify;\">Veja mais na edi\u00e7\u00e3o 765 do Folha do Sudeste<\/p>\n","protected":false},"excerpt":{"rendered":"<p>O deputado Braulio Braz, no final de semana, tamb\u00e9m se reuniu, em seu escrit\u00f3rio, com o vereador, de Muria\u00e9, Elvandro Maciel da Silva (Evandro Cheiroso), acompanhado de seu filho, Matheus Mendes, onde falaram sobre a representatividade, exercida pelo parlamentar, em prol das causas do munic\u00edpio. Por vez, o encontro tamb\u00e9m norteou as pr\u00f3ximas a\u00e7\u00f5es que [&hellip;]<\/p>\n","protected":false},"author":2,"featured_media":40795,"comment_status":"open","ping_status":"closed","sticky":false,"template":"","format":"standard","meta":{"_joinchat":[],"footnotes":""},"categories":[1],"tags":[],"class_list":["post-40794","post","type-post","status-publish","format-standard","has-post-thumbnail","hentry","category-sem-categoria"],"_links":{"self":[{"href":"http:\/\/folhadosudeste.com\/site\/index.php?rest_route=\/wp\/v2\/posts\/40794","targetHints":{"allow":["GET"]}}],"collection":[{"href":"http:\/\/folhadosudeste.com\/site\/index.php?rest_route=\/wp\/v2\/posts"}],"about":[{"href":"http:\/\/folhadosudeste.com\/site\/index.php?rest_route=\/wp\/v2\/types\/post"}],"author":[{"embeddable":true,"href":"http:\/\/folhadosudeste.com\/site\/index.php?rest_route=\/wp\/v2\/users\/2"}],"replies":[{"embeddable":true,"href":"http:\/\/folhadosudeste.com\/site\/index.php?rest_route=%2Fwp%2Fv2%2Fcomments&post=40794"}],"version-history":[{"count":2,"href":"http:\/\/folhadosudeste.com\/site\/index.php?rest_route=\/wp\/v2\/posts\/40794\/revisions"}],"predecessor-version":[{"id":41030,"href":"http:\/\/folhadosudeste.com\/site\/index.php?rest_route=\/wp\/v2\/posts\/40794\/revisions\/41030"}],"wp:featuredmedia":[{"embeddable":true,"href":"http:\/\/folhadosudeste.com\/site\/index.php?rest_route=\/wp\/v2\/media\/40795"}],"wp:attachment":[{"href":"http:\/\/folhadosudeste.com\/site\/index.php?rest_route=%2Fwp%2Fv2%2Fmedia&parent=40794"}],"wp:term":[{"taxonomy":"category","embeddable":true,"href":"http:\/\/folhadosudeste.com\/site\/index.php?rest_route=%2Fwp%2Fv2%2Fcategories&post=40794"},{"taxonomy":"post_tag","embeddable":true,"href":"http:\/\/folhadosudeste.com\/site\/index.php?rest_route=%2Fwp%2Fv2%2Ftags&post=40794"}],"curies":[{"name":"wp","href":"https:\/\/api.w.org\/{rel}","templated":true}]}}