{"id":41057,"date":"2017-07-11T11:42:08","date_gmt":"2017-07-11T11:42:08","guid":{"rendered":"http:\/\/folhadosudeste.com\/site\/?p=41057"},"modified":"2017-07-11T11:42:08","modified_gmt":"2017-07-11T11:42:08","slug":"prefeitura-recupera-duas-ruas-no-bairro-gaspar","status":"publish","type":"post","link":"http:\/\/folhadosudeste.com\/site\/?p=41057","title":{"rendered":"PREFEITURA RECUPERA DUAS RUAS NO BAIRRO GASPAR"},"content":{"rendered":"<p><a href=\"http:\/\/folhadosudeste.com\/site\/wp-content\/uploads\/2017\/07\/IMG_3546.jpg\"><img loading=\"lazy\" decoding=\"async\" class=\"aligncenter wp-image-41058 size-large\" src=\"http:\/\/folhadosudeste.com\/site\/wp-content\/uploads\/2017\/07\/IMG_3546-1024x683.jpg\" alt=\"\" width=\"620\" height=\"414\" srcset=\"http:\/\/folhadosudeste.com\/site\/wp-content\/uploads\/2017\/07\/IMG_3546-1024x683.jpg 1024w, http:\/\/folhadosudeste.com\/site\/wp-content\/uploads\/2017\/07\/IMG_3546-300x200.jpg 300w, http:\/\/folhadosudeste.com\/site\/wp-content\/uploads\/2017\/07\/IMG_3546-768x512.jpg 768w, http:\/\/folhadosudeste.com\/site\/wp-content\/uploads\/2017\/07\/IMG_3546-290x195.jpg 290w, http:\/\/folhadosudeste.com\/site\/wp-content\/uploads\/2017\/07\/IMG_3546.jpg 2048w\" sizes=\"auto, (max-width: 620px) 100vw, 620px\" \/><\/a><\/p>\n<p style=\"text-align: justify;\"><em>Trabalho possibilitou volta da circula\u00e7\u00e3o de ve\u00edculos e pedestres de forma segura<\/em><\/p>\n<p style=\"text-align: justify;\">A Prefeitura de Muria\u00e9 restabeleceu, na \u00faltima semana, duas ruas no bairro Gaspar que estavam intransit\u00e1veis para a circula\u00e7\u00e3o de pessoas, ve\u00edculos e motocicletas. As vias El\u00edsio Firmino e Francisco Antenor de Paula possu\u00edam crateras e lombadas geradas pelo escoamento das \u00e1guas. O servi\u00e7o beneficiou o tr\u00e1fego e permitiu que os moradores voltassem a circular com seguran\u00e7a.<\/p>\n<p style=\"text-align: justify;\">A moradora da rua, Ilma de Paula, afirma que a situa\u00e7\u00e3o estava bem cr\u00edtica. \u201cOs nossos ve\u00edculos n\u00e3o estavam podendo sair da garagem. Em dias de chuva, agarravam e pass\u00e1vamos por muitos problemas. As crian\u00e7as n\u00e3o andavam mais de bicicleta. Estavam sem op\u00e7\u00e3o para brincar\u201d, explicou. O secret\u00e1rio de Obras P\u00fablicas, Aderbal Fernandes, relata que foi preciso fazer o nivelamento. \u201cPrecisamos passar o maquin\u00e1rio na rua e depois jogar um material composto de brita e p\u00f3 de pedra. Em seguida, realizamos a compacta\u00e7\u00e3o para que assim o piso ficasse firme para continuar o servi\u00e7o\u201d, explicou.<\/p>\n<p style=\"text-align: justify;\">As ruas est\u00e3o localizadas na parte alta do bairro Gaspar e ainda s\u00e3o de terra. Numa segunda etapa, a Prefeitura ir\u00e1 instalar as manilhas e bocas de lobo para que as \u00e1guas das chuvas escoam de forma canalizada. Ap\u00f3s conclu\u00edda esta etapa, ser\u00e1 realizado o asfaltamento.<\/p>\n<p style=\"text-align: justify;\"><strong>Obras pela cidade melhoram tr\u00e2nsito para moradores<\/strong><\/p>\n<p style=\"text-align: justify;\">O trabalho de revitaliza\u00e7\u00e3o de vias p\u00fablicas j\u00e1 alcan\u00e7ou v\u00e1rios bairros da cidade. \u201cEstamos priorizando realizar os servi\u00e7os nas \u00e1reas mais prejudicadas. Fizemos revitaliza\u00e7\u00e3o na parte alta do Aeroporto, e, agora, estamos fazendo no Gaspar, Vila Cavalhier e outras localidades. Os moradores saem muito cedo de casa para trabalhar e, muitas vezes, estavam ficando com os ve\u00edculos presos na lama. Nosso objetivo \u00e9 tornar Muria\u00e9 um lugar agrad\u00e1vel e seguro para se viver, construindo assim um novo caminho para nossa cidade\u201d, finalizou o Prefeito Grego.<\/p>\n","protected":false},"excerpt":{"rendered":"<p>Trabalho possibilitou volta da circula\u00e7\u00e3o de ve\u00edculos e pedestres de forma segura A Prefeitura de Muria\u00e9 restabeleceu, na \u00faltima semana, duas ruas no bairro Gaspar que estavam intransit\u00e1veis para a circula\u00e7\u00e3o de pessoas, ve\u00edculos e motocicletas. As vias El\u00edsio Firmino e Francisco Antenor de Paula possu\u00edam crateras e lombadas geradas pelo escoamento das \u00e1guas. O [&hellip;]<\/p>\n","protected":false},"author":6,"featured_media":41058,"comment_status":"open","ping_status":"closed","sticky":false,"template":"","format":"standard","meta":{"_joinchat":[],"footnotes":""},"categories":[1],"tags":[],"class_list":["post-41057","post","type-post","status-publish","format-standard","has-post-thumbnail","hentry","category-sem-categoria"],"_links":{"self":[{"href":"http:\/\/folhadosudeste.com\/site\/index.php?rest_route=\/wp\/v2\/posts\/41057","targetHints":{"allow":["GET"]}}],"collection":[{"href":"http:\/\/folhadosudeste.com\/site\/index.php?rest_route=\/wp\/v2\/posts"}],"about":[{"href":"http:\/\/folhadosudeste.com\/site\/index.php?rest_route=\/wp\/v2\/types\/post"}],"author":[{"embeddable":true,"href":"http:\/\/folhadosudeste.com\/site\/index.php?rest_route=\/wp\/v2\/users\/6"}],"replies":[{"embeddable":true,"href":"http:\/\/folhadosudeste.com\/site\/index.php?rest_route=%2Fwp%2Fv2%2Fcomments&post=41057"}],"version-history":[{"count":1,"href":"http:\/\/folhadosudeste.com\/site\/index.php?rest_route=\/wp\/v2\/posts\/41057\/revisions"}],"predecessor-version":[{"id":41059,"href":"http:\/\/folhadosudeste.com\/site\/index.php?rest_route=\/wp\/v2\/posts\/41057\/revisions\/41059"}],"wp:featuredmedia":[{"embeddable":true,"href":"http:\/\/folhadosudeste.com\/site\/index.php?rest_route=\/wp\/v2\/media\/41058"}],"wp:attachment":[{"href":"http:\/\/folhadosudeste.com\/site\/index.php?rest_route=%2Fwp%2Fv2%2Fmedia&parent=41057"}],"wp:term":[{"taxonomy":"category","embeddable":true,"href":"http:\/\/folhadosudeste.com\/site\/index.php?rest_route=%2Fwp%2Fv2%2Fcategories&post=41057"},{"taxonomy":"post_tag","embeddable":true,"href":"http:\/\/folhadosudeste.com\/site\/index.php?rest_route=%2Fwp%2Fv2%2Ftags&post=41057"}],"curies":[{"name":"wp","href":"https:\/\/api.w.org\/{rel}","templated":true}]}}