{"id":41060,"date":"2017-07-11T12:21:52","date_gmt":"2017-07-11T12:21:52","guid":{"rendered":"http:\/\/folhadosudeste.com\/site\/?p=41060"},"modified":"2017-07-11T12:21:52","modified_gmt":"2017-07-11T12:21:52","slug":"detentos-de-muriae-concluem-curso-de-mecanica-de-automoveis","status":"publish","type":"post","link":"http:\/\/folhadosudeste.com\/site\/?p=41060","title":{"rendered":"DETENTOS DE MURIA\u00c9 CONCLUEM CURSO DE MEC\u00c2NICA DE AUTOM\u00d3VEIS"},"content":{"rendered":"<p>&nbsp;<\/p>\n<p><a href=\"http:\/\/folhadosudeste.com\/site\/wp-content\/uploads\/2017\/07\/IMG_3672-1.jpg\"><img loading=\"lazy\" decoding=\"async\" class=\"aligncenter wp-image-41063 size-large\" src=\"http:\/\/folhadosudeste.com\/site\/wp-content\/uploads\/2017\/07\/IMG_3672-1-1024x409.jpg\" alt=\"\" width=\"620\" height=\"248\" srcset=\"http:\/\/folhadosudeste.com\/site\/wp-content\/uploads\/2017\/07\/IMG_3672-1-1024x409.jpg 1024w, http:\/\/folhadosudeste.com\/site\/wp-content\/uploads\/2017\/07\/IMG_3672-1-300x120.jpg 300w, http:\/\/folhadosudeste.com\/site\/wp-content\/uploads\/2017\/07\/IMG_3672-1-768x307.jpg 768w, http:\/\/folhadosudeste.com\/site\/wp-content\/uploads\/2017\/07\/IMG_3672-1.jpg 2048w\" sizes=\"auto, (max-width: 620px) 100vw, 620px\" \/><\/a><\/p>\n<p style=\"text-align: justify;\"><em>Parceria entre Prefeitura e FIEMG promove oportunidades e reinser\u00e7\u00e3o social<\/em><\/p>\n<p style=\"text-align: justify;\">A formatura de 26 detentos e mais quatro agentes penitenci\u00e1rios no curso de Mec\u00e2nica B\u00e1sico de Autom\u00f3veis do SESI\/SENAI aconteceu na noite da \u00faltima quinta-feira (06), no p\u00e1tio da Penitenci\u00e1ria Doutor Manoel Martins Lisboa J\u00fanior. A cidade foi uma das primeiras de Minas Gerais a receber este tipo de curso profissionalizante gratuito para o sistema prisional. A capacita\u00e7\u00e3o foi uma conquista da Prefeitura de Muria\u00e9 junto a Federa\u00e7\u00e3o das Ind\u00fastrias do Estado de Minas Gerais (FIEMG), com o intuito de especializar m\u00e3o de obra e preparar os encarcerados para oportunidades no mercado de trabalho quando alcan\u00e7arem a liberdade.<\/p>\n<p style=\"text-align: justify;\">Os 26 detentos foram selecionados por bom comportamento. Quatro agentes penitenci\u00e1rios foram inseridos para tamb\u00e9m estarem \u00e0 frente dos trabalhos, no momento de instala\u00e7\u00e3o da oficina mec\u00e2nica. O curso com aulas pr\u00e1ticas e te\u00f3ricas teve dura\u00e7\u00e3o de 80 horas e entregar\u00e1 diploma para todos os participantes. Inicialmente, dever\u00e3o consertar os ve\u00edculos da pr\u00f3pria Unidade. \u201cAgrade\u00e7o pela confian\u00e7a e pela oportunidade de conseguir um trabalho quando sair daqui\u201d, disse o detento O.R.T.<\/p>\n<p style=\"text-align: justify;\">O vice-prefeito Marcos Guarino esteve presente e ressaltou a necessidade de preparar os detentos para uma vida social e profissional quando estiverem livres. O secret\u00e1rio de Rela\u00e7\u00f5es Institucionais, Carlos Magno, lembrou da import\u00e2ncia de oferecer atividades que os fa\u00e7am conhecer novas fontes de renda. \u201cNossa inten\u00e7\u00e3o \u00e9 oferecer o curso para que eles possam desenvolver, aqui mesmo na penitenci\u00e1ria, uma oficina de reparos em ve\u00edculos, amenizando suas penas e ganhando experi\u00eancia para ter uma nova atividade no mercado de trabalho\u201d, disse.<\/p>\n<p style=\"text-align: justify;\"><strong>\u201cMenos viol\u00eancia e mais oportunidades\u201d, ressalta Prefeito<\/strong><\/p>\n<p style=\"text-align: justify;\">O prefeito Grego enalteceu a realiza\u00e7\u00e3o e a conclus\u00e3o do curso realizado em parceria com a FIEMG. \u201cQuem ganha com este aprendizado oferecido aos detentos somos todos n\u00f3s da cidade e localidades vizinhas. Uma vez que um apenado aprende uma profiss\u00e3o, podendo trabalhar e sustentar a sua fam\u00edlia de forma honesta, ele retornar\u00e1 a sociedade como um novo homem. \u00c9 assim que construiremos um caminho mais humano, com menos viol\u00eancia e mais oportunidades\u201d, declarou o prefeito.<\/p>\n","protected":false},"excerpt":{"rendered":"<p>&nbsp; Parceria entre Prefeitura e FIEMG promove oportunidades e reinser\u00e7\u00e3o social A formatura de 26 detentos e mais quatro agentes penitenci\u00e1rios no curso de Mec\u00e2nica B\u00e1sico de Autom\u00f3veis do SESI\/SENAI aconteceu na noite da \u00faltima quinta-feira (06), no p\u00e1tio da Penitenci\u00e1ria Doutor Manoel Martins Lisboa J\u00fanior. A cidade foi uma das primeiras de Minas Gerais [&hellip;]<\/p>\n","protected":false},"author":6,"featured_media":41063,"comment_status":"open","ping_status":"closed","sticky":false,"template":"","format":"standard","meta":{"_joinchat":[],"footnotes":""},"categories":[1],"tags":[],"class_list":["post-41060","post","type-post","status-publish","format-standard","has-post-thumbnail","hentry","category-sem-categoria"],"_links":{"self":[{"href":"http:\/\/folhadosudeste.com\/site\/index.php?rest_route=\/wp\/v2\/posts\/41060","targetHints":{"allow":["GET"]}}],"collection":[{"href":"http:\/\/folhadosudeste.com\/site\/index.php?rest_route=\/wp\/v2\/posts"}],"about":[{"href":"http:\/\/folhadosudeste.com\/site\/index.php?rest_route=\/wp\/v2\/types\/post"}],"author":[{"embeddable":true,"href":"http:\/\/folhadosudeste.com\/site\/index.php?rest_route=\/wp\/v2\/users\/6"}],"replies":[{"embeddable":true,"href":"http:\/\/folhadosudeste.com\/site\/index.php?rest_route=%2Fwp%2Fv2%2Fcomments&post=41060"}],"version-history":[{"count":1,"href":"http:\/\/folhadosudeste.com\/site\/index.php?rest_route=\/wp\/v2\/posts\/41060\/revisions"}],"predecessor-version":[{"id":41064,"href":"http:\/\/folhadosudeste.com\/site\/index.php?rest_route=\/wp\/v2\/posts\/41060\/revisions\/41064"}],"wp:featuredmedia":[{"embeddable":true,"href":"http:\/\/folhadosudeste.com\/site\/index.php?rest_route=\/wp\/v2\/media\/41063"}],"wp:attachment":[{"href":"http:\/\/folhadosudeste.com\/site\/index.php?rest_route=%2Fwp%2Fv2%2Fmedia&parent=41060"}],"wp:term":[{"taxonomy":"category","embeddable":true,"href":"http:\/\/folhadosudeste.com\/site\/index.php?rest_route=%2Fwp%2Fv2%2Fcategories&post=41060"},{"taxonomy":"post_tag","embeddable":true,"href":"http:\/\/folhadosudeste.com\/site\/index.php?rest_route=%2Fwp%2Fv2%2Ftags&post=41060"}],"curies":[{"name":"wp","href":"https:\/\/api.w.org\/{rel}","templated":true}]}}