{"id":41070,"date":"2017-07-11T12:32:15","date_gmt":"2017-07-11T12:32:15","guid":{"rendered":"http:\/\/folhadosudeste.com\/site\/?p=41070"},"modified":"2017-07-11T12:32:15","modified_gmt":"2017-07-11T12:32:15","slug":"centro-de-reabilitacao-municipal-reduz-tempo-na-fila-de-espera","status":"publish","type":"post","link":"http:\/\/folhadosudeste.com\/site\/?p=41070","title":{"rendered":"CENTRO DE REABILITA\u00c7\u00c3O MUNICIPAL REDUZ TEMPO NA FILA DE ESPERA"},"content":{"rendered":"<p align=\"center\"><a href=\"http:\/\/folhadosudeste.com\/site\/wp-content\/uploads\/2017\/07\/SITE.jpg\"><img loading=\"lazy\" decoding=\"async\" class=\"aligncenter wp-image-41071 size-large\" src=\"http:\/\/folhadosudeste.com\/site\/wp-content\/uploads\/2017\/07\/SITE-1024x388.jpg\" alt=\"\" width=\"620\" height=\"235\" srcset=\"http:\/\/folhadosudeste.com\/site\/wp-content\/uploads\/2017\/07\/SITE-1024x388.jpg 1024w, http:\/\/folhadosudeste.com\/site\/wp-content\/uploads\/2017\/07\/SITE-300x114.jpg 300w, http:\/\/folhadosudeste.com\/site\/wp-content\/uploads\/2017\/07\/SITE-768x291.jpg 768w, http:\/\/folhadosudeste.com\/site\/wp-content\/uploads\/2017\/07\/SITE.jpg 2048w\" sizes=\"auto, (max-width: 620px) 100vw, 620px\" \/><\/a><\/p>\n<p class=\"m_6699637634183390095gmail-MsoNoSpacing\" style=\"text-align: center;\" align=\"center\"><i>Prefeitura diminui prazo, que era de quatro meses, para 20 dias, gerando mais rapidez no tratamento<\/i><\/p>\n<p class=\"m_6699637634183390095gmail-MsoNoSpacing\" style=\"text-align: justify;\">Se antes os pacientes que necessitavam de tratamento no Centro de Reabilita\u00e7\u00e3o Municipal esperavam at\u00e9 quatro meses na fila, hoje esse tempo foi reduzido para, aproximadamente, 20 dias. A diminui\u00e7\u00e3o na espera, promovida pela Prefeitura de Muria\u00e9, reflete na rapidez do tratamento dos muriaeenses, gerando mais sa\u00fade e qualidade de vida.&nbsp;<\/p>\n<p class=\"m_6699637634183390095gmail-MsoNoSpacing\" style=\"text-align: justify;\">No dia 2 de janeiro deste ano, 413 pacientes, cujos pedidos foram feitos setembro, esperavam por uma vaga para iniciar as sess\u00f5es de fisioterapia. Neste m\u00eas, esse n\u00famero caiu para 101, sendo que o per\u00edodo de espera tamb\u00e9m foi reduzido em 84%. \u00c9 o caso da cozinheira Regiane de Almeida. Na primeira vez que precisou ser tratada, em setembro de 2016, ela teve que esperar quatro meses, come\u00e7ando a ser atendida somente em janeiro deste ano. Em abril, ap\u00f3s apresentar outro pedido, esperou apenas 15 dias para realizar as sess\u00f5es, come\u00e7ando em 5 de maio. \u201cEssa diminui\u00e7\u00e3o no tempo de espera me ajudou muito, pois o meu tratamento foi mais r\u00e1pido. Antes, eu n\u00e3o mexia muito com a m\u00e3o. Agora j\u00e1 melhorou bastante\u201d, conta ela, emocionada.&nbsp;<\/p>\n<p class=\"m_6699637634183390095gmail-MsoNoSpacing\" style=\"text-align: justify;\">O Centro de Reabilita\u00e7\u00e3o Municipal oferece todo tipo de tratamento relacionado \u00e0 fisioterapia pelo SUS, como ortopedia, respirat\u00f3rio, geriatria, pediatria e neurologia. Para marcar as sess\u00f5es, os pacientes devem primeiro procurar o N\u00facleo de Apoio \u00e0 Sa\u00fade da Fam\u00edlia (NASF) da Unidade B\u00e1sica de Sa\u00fade (UBS) mais pr\u00f3xima \u00e0 sua resid\u00eancia, a fim de passar por uma avalia\u00e7\u00e3o. Em seguida, deve-se levar o pedido de encaminhamento para a Secretaria de Sa\u00fade e, assim que surgir a vaga, ser\u00e1 direcionado para tratamento no Centro. O atendimento \u00e9 individualizado e feito com hor\u00e1rio e dias marcados.<\/p>\n<p class=\"m_6699637634183390095gmail-MsoNoSpacing\" style=\"text-align: justify;\"><b>PREFEITURA INVESTE NA MELHORIA DOS SERVI\u00c7OS EM SA\u00daDE<\/b><\/p>\n<p class=\"m_6699637634183390095gmail-MsoNoSpacing\" style=\"text-align: justify;\">O prefeito Grego afirma que oferecer mais sa\u00fade e qualidade de vida aos muriaeenses \u00e9 prioridade da sua gest\u00e3o. \u201cEssa redu\u00e7\u00e3o na fila de espera \u00e9 o resultado do nosso trabalho em melhorar a sa\u00fade p\u00fablica de Muria\u00e9. Estamos nos empenhando ao m\u00e1ximo para levar mais qualidade de vida para as pessoas, com uma gest\u00e3o s\u00e9ria e comprometida com o bem-estar de todos, pois sa\u00fade \u00e9 coisa s\u00e9ria\u201d, disse.<\/p>\n","protected":false},"excerpt":{"rendered":"<p>Prefeitura diminui prazo, que era de quatro meses, para 20 dias, gerando mais rapidez no tratamento Se antes os pacientes que necessitavam de tratamento no Centro de Reabilita\u00e7\u00e3o Municipal esperavam at\u00e9 quatro meses na fila, hoje esse tempo foi reduzido para, aproximadamente, 20 dias. A diminui\u00e7\u00e3o na espera, promovida pela Prefeitura de Muria\u00e9, reflete na [&hellip;]<\/p>\n","protected":false},"author":6,"featured_media":41071,"comment_status":"open","ping_status":"closed","sticky":false,"template":"","format":"standard","meta":{"_joinchat":[],"footnotes":""},"categories":[1],"tags":[],"class_list":["post-41070","post","type-post","status-publish","format-standard","has-post-thumbnail","hentry","category-sem-categoria"],"_links":{"self":[{"href":"http:\/\/folhadosudeste.com\/site\/index.php?rest_route=\/wp\/v2\/posts\/41070","targetHints":{"allow":["GET"]}}],"collection":[{"href":"http:\/\/folhadosudeste.com\/site\/index.php?rest_route=\/wp\/v2\/posts"}],"about":[{"href":"http:\/\/folhadosudeste.com\/site\/index.php?rest_route=\/wp\/v2\/types\/post"}],"author":[{"embeddable":true,"href":"http:\/\/folhadosudeste.com\/site\/index.php?rest_route=\/wp\/v2\/users\/6"}],"replies":[{"embeddable":true,"href":"http:\/\/folhadosudeste.com\/site\/index.php?rest_route=%2Fwp%2Fv2%2Fcomments&post=41070"}],"version-history":[{"count":1,"href":"http:\/\/folhadosudeste.com\/site\/index.php?rest_route=\/wp\/v2\/posts\/41070\/revisions"}],"predecessor-version":[{"id":41072,"href":"http:\/\/folhadosudeste.com\/site\/index.php?rest_route=\/wp\/v2\/posts\/41070\/revisions\/41072"}],"wp:featuredmedia":[{"embeddable":true,"href":"http:\/\/folhadosudeste.com\/site\/index.php?rest_route=\/wp\/v2\/media\/41071"}],"wp:attachment":[{"href":"http:\/\/folhadosudeste.com\/site\/index.php?rest_route=%2Fwp%2Fv2%2Fmedia&parent=41070"}],"wp:term":[{"taxonomy":"category","embeddable":true,"href":"http:\/\/folhadosudeste.com\/site\/index.php?rest_route=%2Fwp%2Fv2%2Fcategories&post=41070"},{"taxonomy":"post_tag","embeddable":true,"href":"http:\/\/folhadosudeste.com\/site\/index.php?rest_route=%2Fwp%2Fv2%2Ftags&post=41070"}],"curies":[{"name":"wp","href":"https:\/\/api.w.org\/{rel}","templated":true}]}}