{"id":41098,"date":"2017-07-14T13:58:02","date_gmt":"2017-07-14T13:58:02","guid":{"rendered":"http:\/\/folhadosudeste.com\/site\/?p=41098"},"modified":"2017-07-14T13:58:02","modified_gmt":"2017-07-14T13:58:02","slug":"muriae-conquista-verbas-estaduais-para-investir-no-horto-florestal","status":"publish","type":"post","link":"http:\/\/folhadosudeste.com\/site\/?p=41098","title":{"rendered":"MURIA\u00c9 CONQUISTA VERBAS ESTADUAIS PARA INVESTIR NO HORTO FLORESTAL"},"content":{"rendered":"<p><a href=\"http:\/\/folhadosudeste.com\/site\/wp-content\/uploads\/2017\/07\/HORTO.jpg\"><img loading=\"lazy\" decoding=\"async\" class=\"aligncenter size-full wp-image-41099\" src=\"http:\/\/folhadosudeste.com\/site\/wp-content\/uploads\/2017\/07\/HORTO.jpg\" alt=\"\" width=\"620\" height=\"323\" srcset=\"http:\/\/folhadosudeste.com\/site\/wp-content\/uploads\/2017\/07\/HORTO.jpg 620w, http:\/\/folhadosudeste.com\/site\/wp-content\/uploads\/2017\/07\/HORTO-300x156.jpg 300w\" sizes=\"auto, (max-width: 620px) 100vw, 620px\" \/><\/a><\/p>\n<p><strong>&nbsp;<\/strong><\/p>\n<p><strong><em>Local passa a ser considerado unidade de conserva\u00e7\u00e3o de uso <\/em><\/strong><strong><em>sustent\u00e1vel, recebendo recursos do Estado para melhorias<\/em><\/strong><\/p>\n<p>O Horto Florestal de Muria\u00e9 passou a ser reconhecido pela Diretoria de Biodiversidade e Florestas do Instituto Estadual de Florestas (IEF) como uma unidade de conserva\u00e7\u00e3o de uso sustent\u00e1vel denominada \u201c\u00c1rea de Relevante Interesse Ecol\u00f3gico Guido Tom\u00e1s Marli\u00e9re\u201d. Com isso, o munic\u00edpio passa a receber recursos estaduais atrav\u00e9s do Imposto sobre Circula\u00e7\u00e3o de Mercadorias e Servi\u00e7os (ICMS) Ecol\u00f3gico, para realiza\u00e7\u00e3o de projetos e investimentos que valorizem o local e sua preserva\u00e7\u00e3o.<\/p>\n<p>Muria\u00e9 j\u00e1 come\u00e7ou a receber o ICMS Ecol\u00f3gico em abril deste ano, ap\u00f3s cadastramento no Estado. O prefeito Grego afirma que esta \u00e9 uma conquista importante para a cidade. \u201cO Horto Florestal \u00e9 um patrim\u00f4nio de todos n\u00f3s. Ele abriga v\u00e1rias esp\u00e9cies de \u00e1rvores, aves e animais de pequenos portes. Esta iniciativa valoriza o horto e os muriaeenses, que merecem um local seguro, bonito e agrad\u00e1vel para visitar\u201d, disse.<\/p>\n<p>A caracteriza\u00e7\u00e3o como unidade de conserva\u00e7\u00e3o de uso sustent\u00e1vel permite que no local sejam realizadas diversas atividades. \u201cA nossa inten\u00e7\u00e3o \u00e9 valorizar o horto, a fim de que esteja em boas condi\u00e7\u00f5es para receber o p\u00fablico\u201d, completa o secret\u00e1rio Municipal de Agricultura e Meio Ambiente, Manoel Carvalho.&nbsp;<\/p>\n","protected":false},"excerpt":{"rendered":"<p>&nbsp; Local passa a ser considerado unidade de conserva\u00e7\u00e3o de uso sustent\u00e1vel, recebendo recursos do Estado para melhorias O Horto Florestal de Muria\u00e9 passou a ser reconhecido pela Diretoria de Biodiversidade e Florestas do Instituto Estadual de Florestas (IEF) como uma unidade de conserva\u00e7\u00e3o de uso sustent\u00e1vel denominada \u201c\u00c1rea de Relevante Interesse Ecol\u00f3gico Guido Tom\u00e1s [&hellip;]<\/p>\n","protected":false},"author":2,"featured_media":41099,"comment_status":"open","ping_status":"closed","sticky":false,"template":"","format":"standard","meta":{"_joinchat":[],"footnotes":""},"categories":[1],"tags":[],"class_list":["post-41098","post","type-post","status-publish","format-standard","has-post-thumbnail","hentry","category-sem-categoria"],"_links":{"self":[{"href":"http:\/\/folhadosudeste.com\/site\/index.php?rest_route=\/wp\/v2\/posts\/41098","targetHints":{"allow":["GET"]}}],"collection":[{"href":"http:\/\/folhadosudeste.com\/site\/index.php?rest_route=\/wp\/v2\/posts"}],"about":[{"href":"http:\/\/folhadosudeste.com\/site\/index.php?rest_route=\/wp\/v2\/types\/post"}],"author":[{"embeddable":true,"href":"http:\/\/folhadosudeste.com\/site\/index.php?rest_route=\/wp\/v2\/users\/2"}],"replies":[{"embeddable":true,"href":"http:\/\/folhadosudeste.com\/site\/index.php?rest_route=%2Fwp%2Fv2%2Fcomments&post=41098"}],"version-history":[{"count":1,"href":"http:\/\/folhadosudeste.com\/site\/index.php?rest_route=\/wp\/v2\/posts\/41098\/revisions"}],"predecessor-version":[{"id":41100,"href":"http:\/\/folhadosudeste.com\/site\/index.php?rest_route=\/wp\/v2\/posts\/41098\/revisions\/41100"}],"wp:featuredmedia":[{"embeddable":true,"href":"http:\/\/folhadosudeste.com\/site\/index.php?rest_route=\/wp\/v2\/media\/41099"}],"wp:attachment":[{"href":"http:\/\/folhadosudeste.com\/site\/index.php?rest_route=%2Fwp%2Fv2%2Fmedia&parent=41098"}],"wp:term":[{"taxonomy":"category","embeddable":true,"href":"http:\/\/folhadosudeste.com\/site\/index.php?rest_route=%2Fwp%2Fv2%2Fcategories&post=41098"},{"taxonomy":"post_tag","embeddable":true,"href":"http:\/\/folhadosudeste.com\/site\/index.php?rest_route=%2Fwp%2Fv2%2Ftags&post=41098"}],"curies":[{"name":"wp","href":"https:\/\/api.w.org\/{rel}","templated":true}]}}