{"id":41115,"date":"2017-07-14T14:05:32","date_gmt":"2017-07-14T14:05:32","guid":{"rendered":"http:\/\/folhadosudeste.com\/site\/?p=41115"},"modified":"2017-07-14T14:05:32","modified_gmt":"2017-07-14T14:05:32","slug":"camara-tecnica-de-saude-ja-esta-em-funcionamento-em-muriae","status":"publish","type":"post","link":"http:\/\/folhadosudeste.com\/site\/?p=41115","title":{"rendered":"C\u00c2MARA T\u00c9CNICA DE SA\u00daDE J\u00c1 EST\u00c1 EM FUNCIONAMENTO EM MURIA\u00c9"},"content":{"rendered":"<p style=\"text-align: justify;\">&nbsp;<\/p>\n<p style=\"text-align: justify;\"><strong>&nbsp;<a href=\"http:\/\/folhadosudeste.com\/site\/wp-content\/uploads\/2017\/07\/CAMARA-T\u00c9CNICA.jpg\"><img loading=\"lazy\" decoding=\"async\" class=\"aligncenter size-full wp-image-41116\" src=\"http:\/\/folhadosudeste.com\/site\/wp-content\/uploads\/2017\/07\/CAMARA-T\u00c9CNICA.jpg\" alt=\"\" width=\"620\" height=\"274\" srcset=\"http:\/\/folhadosudeste.com\/site\/wp-content\/uploads\/2017\/07\/CAMARA-T\u00c9CNICA.jpg 620w, http:\/\/folhadosudeste.com\/site\/wp-content\/uploads\/2017\/07\/CAMARA-T\u00c9CNICA-300x133.jpg 300w\" sizes=\"auto, (max-width: 620px) 100vw, 620px\" \/><\/a><\/strong><\/p>\n<p style=\"text-align: justify;\"><strong><em>Projeto da Prefeitura agiliza atendimento aos muriaeenses <\/em><\/strong><strong><em>e promove efici\u00eancia e economia na sa\u00fade do munic\u00edpio<\/em><\/strong><strong><em>&nbsp;<\/em><\/strong><\/p>\n<p style=\"text-align: justify;\">A C\u00e2mara T\u00e9cnica de Sa\u00fade j\u00e1 est\u00e1 em funcionamento em Muria\u00e9 h\u00e1 um m\u00eas. O projeto criado pela Prefeitura de Muria\u00e9 \u00e9 in\u00e9dito na cidade. A a\u00e7\u00e3o institui uma equipe de profissionais na Secretaria Municipal de Sa\u00fade que analisar\u00e1 procedimentos relacionados ao SUS e \u00e0 sele\u00e7\u00e3o, prescri\u00e7\u00e3o e distribui\u00e7\u00e3o de medicamentos, gerando um atendimento mais \u00e1gil aos muriaeenses, efici\u00eancia e economia aos cofres p\u00fablicos.<\/p>\n<p style=\"text-align: justify;\">As fun\u00e7\u00f5es do \u00f3rg\u00e3o foram apresentadas aos profissionais da Sa\u00fade nas noites de segunda e ter\u00e7a-feira (10 e 11), no Centro Administrativo, pelo procurador-geral do munic\u00edpio, Luciano Bandeira de Melo, e pelo secret\u00e1rio de Sa\u00fade, Paulo C\u00e9sar de Oliveira. \u201cA C\u00e2mara T\u00e9cnica analisa se h\u00e1 necessidade do tratamento pleiteado ou se pode ser substitu\u00eddo por outro alternativo. Checa se \u00e9 necess\u00e1rio um medicamento de marca ou se pode ser um gen\u00e9rico, e se a cirurgia \u00e9 de urg\u00eancia ou pode aguardar\u201d, explicou o procurador-geral. O projeto foi comunicado ao Judici\u00e1rio, Defensoria P\u00fablica e Minist\u00e9rio P\u00fablico da cidade na \u00faltima quinta-feira (6).<\/p>\n<p style=\"text-align: justify;\"><strong>PROJETO AGILIZA ATENDIMENTOS, GERA ECONOMIA E DIMINUI \u201cJUDICIALIZA\u00c7\u00c3O DA SA\u00daDE\u201d<\/strong><\/p>\n<p style=\"text-align: justify;\">A judicializa\u00e7\u00e3o da sa\u00fade (que \u00e9 a busca do Poder Judici\u00e1rio pela popula\u00e7\u00e3o para obten\u00e7\u00e3o do medicamento ou tratamento negados pelo SUS) tem sido cada vez mais recorrente no Brasil e, em particular, em Muria\u00e9, causando impacto expressivo nas finan\u00e7as municipais, a ponto de gerar preju\u00edzo \u00e0s pol\u00edticas de sa\u00fade. Estima-se que, a partir da an\u00e1lise pr\u00e9via da equipe sobre os procedimentos, a C\u00e2mara T\u00e9cnica gere uma consider\u00e1vel economia para o munic\u00edpio, diminuindo a judicializa\u00e7\u00e3o.<\/p>\n<p style=\"text-align: justify;\">A equipe que vai analisar os processos \u00e9 formada por tr\u00eas m\u00e9dicos, dois bioqu\u00edmicos, uma assistente social, um assessor jur\u00eddico e um coordenador-geral, a qual dar\u00e1 apoio, atrav\u00e9s de laudos t\u00e9cnicos, ao Poder Judici\u00e1rio e \u00e0 Defensoria P\u00fablica nos procedimentos e tratamentos pleiteados. A C\u00e2mara T\u00e9cnica de Sa\u00fade est\u00e1 localizada no primeiro andar do Centro Administrativo. Funciona de segunda a sexta-feira, com hor\u00e1rio agendado.<\/p>\n<p style=\"text-align: justify;\">O prefeito Grego ressalta que a judicializa\u00e7\u00e3o da sa\u00fade vem comprometendo significativamente a gest\u00e3o em outras \u00e1reas relevantes, como a educa\u00e7\u00e3o e a assist\u00eancia social. O prefeito frisa que os direitos da popula\u00e7\u00e3o ser\u00e3o mantidos e, tamb\u00e9m, agilizados. \u201cAl\u00e9m de oferecer atendimento mais \u00e1gil aos muriaeenses e com mais efici\u00eancia, a C\u00e2mara vai gerar economia aos cofres p\u00fablicos, fazendo com que possamos investir esses recursos para melhorar os servi\u00e7os na cidade, para que, assim, Muria\u00e9 possa seguir um novo caminho\u201d, disse.<\/p>\n","protected":false},"excerpt":{"rendered":"<p>&nbsp; &nbsp; Projeto da Prefeitura agiliza atendimento aos muriaeenses e promove efici\u00eancia e economia na sa\u00fade do munic\u00edpio&nbsp; A C\u00e2mara T\u00e9cnica de Sa\u00fade j\u00e1 est\u00e1 em funcionamento em Muria\u00e9 h\u00e1 um m\u00eas. O projeto criado pela Prefeitura de Muria\u00e9 \u00e9 in\u00e9dito na cidade. A a\u00e7\u00e3o institui uma equipe de profissionais na Secretaria Municipal de Sa\u00fade [&hellip;]<\/p>\n","protected":false},"author":2,"featured_media":41116,"comment_status":"open","ping_status":"closed","sticky":false,"template":"","format":"standard","meta":{"_joinchat":[],"footnotes":""},"categories":[1],"tags":[],"class_list":["post-41115","post","type-post","status-publish","format-standard","has-post-thumbnail","hentry","category-sem-categoria"],"_links":{"self":[{"href":"http:\/\/folhadosudeste.com\/site\/index.php?rest_route=\/wp\/v2\/posts\/41115","targetHints":{"allow":["GET"]}}],"collection":[{"href":"http:\/\/folhadosudeste.com\/site\/index.php?rest_route=\/wp\/v2\/posts"}],"about":[{"href":"http:\/\/folhadosudeste.com\/site\/index.php?rest_route=\/wp\/v2\/types\/post"}],"author":[{"embeddable":true,"href":"http:\/\/folhadosudeste.com\/site\/index.php?rest_route=\/wp\/v2\/users\/2"}],"replies":[{"embeddable":true,"href":"http:\/\/folhadosudeste.com\/site\/index.php?rest_route=%2Fwp%2Fv2%2Fcomments&post=41115"}],"version-history":[{"count":1,"href":"http:\/\/folhadosudeste.com\/site\/index.php?rest_route=\/wp\/v2\/posts\/41115\/revisions"}],"predecessor-version":[{"id":41117,"href":"http:\/\/folhadosudeste.com\/site\/index.php?rest_route=\/wp\/v2\/posts\/41115\/revisions\/41117"}],"wp:featuredmedia":[{"embeddable":true,"href":"http:\/\/folhadosudeste.com\/site\/index.php?rest_route=\/wp\/v2\/media\/41116"}],"wp:attachment":[{"href":"http:\/\/folhadosudeste.com\/site\/index.php?rest_route=%2Fwp%2Fv2%2Fmedia&parent=41115"}],"wp:term":[{"taxonomy":"category","embeddable":true,"href":"http:\/\/folhadosudeste.com\/site\/index.php?rest_route=%2Fwp%2Fv2%2Fcategories&post=41115"},{"taxonomy":"post_tag","embeddable":true,"href":"http:\/\/folhadosudeste.com\/site\/index.php?rest_route=%2Fwp%2Fv2%2Ftags&post=41115"}],"curies":[{"name":"wp","href":"https:\/\/api.w.org\/{rel}","templated":true}]}}