{"id":41118,"date":"2017-07-14T14:45:16","date_gmt":"2017-07-14T14:45:16","guid":{"rendered":"http:\/\/folhadosudeste.com\/site\/?p=41118"},"modified":"2017-07-14T14:45:16","modified_gmt":"2017-07-14T14:45:16","slug":"muita-alegria-e-animacao-na-festa-julhina-da-e-e-de-educacao-especial-walter-vasconcelos","status":"publish","type":"post","link":"http:\/\/folhadosudeste.com\/site\/?p=41118","title":{"rendered":"MUITA ALEGRIA E ANIMA\u00c7\u00c3O NA FESTA JULHINA DA E. E. DE EDUCA\u00c7\u00c3O ESPECIAL WALTER VASCONCELOS"},"content":{"rendered":"<p style=\"text-align: justify;\"><a href=\"http:\/\/folhadosudeste.com\/site\/wp-content\/uploads\/2017\/07\/APAE.jpg\"><img loading=\"lazy\" decoding=\"async\" class=\"aligncenter size-full wp-image-41119\" src=\"http:\/\/folhadosudeste.com\/site\/wp-content\/uploads\/2017\/07\/APAE.jpg\" alt=\"\" width=\"620\" height=\"277\" srcset=\"http:\/\/folhadosudeste.com\/site\/wp-content\/uploads\/2017\/07\/APAE.jpg 620w, http:\/\/folhadosudeste.com\/site\/wp-content\/uploads\/2017\/07\/APAE-300x134.jpg 300w\" sizes=\"auto, (max-width: 620px) 100vw, 620px\" \/><\/a><\/p>\n<p style=\"text-align: justify;\">&nbsp;<\/p>\n<p style=\"text-align: justify;\">A Escola Estadual de Educa\u00e7\u00e3o Especial Walter Vasconcelos realizou, na quarta feira 12 de julho, sua tradicional Festa Julhina, com a participa\u00e7\u00e3o de seus 250 alunos com necessidades especiais diferenciadas, seus pais, familiares, amigos, al\u00e9m dos professores, funcion\u00e1rios e equipe gestora, que fizeram um belo trabalho conjunto, na organiza\u00e7\u00e3o, decora\u00e7\u00e3o e coordena\u00e7\u00e3o do evento. <em>\u201cCome\u00e7amos h\u00e1 cerca de 20 dias, preparando tudo e ensaiando os alunos para as apresenta\u00e7\u00f5es. \u00c9 uma festa tradicional que fazemos com muito carinho para toda a fam\u00edlia da escola, com a comunidade convidada, bairros adjacentes, alguns mais afastados e at\u00e9 mesmo cidades vizinhas comparecendo\u201d, <\/em>destaca Rosalva Mazzini, Orientadora Educacional.<\/p>\n<p style=\"text-align: justify;\">Para a Supervisora Ormenzinda Barbosa de Oliveira, \u00e9 um privil\u00e9gio homenagear a comunidade escolar e familiar, que sempre ap\u00f3ia a escola, a qual entrar\u00e1 de f\u00e9rias nesta sexta (14), retornando dia 31\/07. <em>\u201cFoi uma festa animada e \u00e9 muito gratificante para n\u00f3s ver esse resultado. Ficamos muito emocionados com a participa\u00e7\u00e3o de todos, inclusive dos pais. Tivemos muitas comidas t\u00edpicas, barraquinhas, quadrilha, apresenta\u00e7\u00f5es de dan\u00e7a e a participa\u00e7\u00e3o dos alunos de todas as turmas do 1\u00ba ao 8\u00ba ano\u201d,<\/em> afirma.<\/p>\n<p style=\"text-align: justify;\">De acordo com Ros\u00e2ngela Dutra Rodrigues Guedes, h\u00e1 um ano diretora da escola, essa \u00e9 uma festa tradicional, um momento de muita alegria e satisfa\u00e7\u00e3o, de confraterniza\u00e7\u00e3o com as fam\u00edlias, comunidade escolar e vizinhan\u00e7a. <em>\u201cTivemos a felicidade de contar com muitos colaboradores, que doaram brindes, prendas e alimentos para fazer essa festa, comprovando nossa credibilidade e a confian\u00e7a que eles depositam em n\u00f3s. Deixo um agradecimento especial a todos que ajudaram direta ou indiretamente\u201d,<\/em> destaca.<\/p>\n<p style=\"text-align: justify;\">Esse ano a E. E. de Educa\u00e7\u00e3o Especial Walter Vasconcelos oferece o turno integral. A APAE \u00e9 uma grande colaboradora, parceira da escola, sempre efetivando a assist\u00eancia para prestar servi\u00e7os \u00e0 comunidade (servi\u00e7os cl\u00ednicos como psic\u00f3logos, fonoaudi\u00f3logos, fisioterapeutas, etc.). A APAE tamb\u00e9m ajuda com o transporte escolar para a institui\u00e7\u00e3o de ensino.<\/p>\n<p>[ngg_images source=&#8221;galleries&#8221; container_ids=&#8221;1051&#8243; display_type=&#8221;photocrati-nextgen_basic_thumbnails&#8221; override_thumbnail_settings=&#8221;0&#8243; thumbnail_width=&#8221;100&#8243; thumbnail_height=&#8221;75&#8243; thumbnail_crop=&#8221;1&#8243; images_per_page=&#8221;0&#8243; number_of_columns=&#8221;0&#8243; ajax_pagination=&#8221;0&#8243; show_all_in_lightbox=&#8221;0&#8243; use_imagebrowser_effect=&#8221;0&#8243; show_slideshow_link=&#8221;1&#8243; slideshow_link_text=&#8221;[Show as slideshow]&#8221; order_by=&#8221;sortorder&#8221; order_direction=&#8221;ASC&#8221; returns=&#8221;included&#8221; maximum_entity_count=&#8221;500&#8243;]<\/p>\n","protected":false},"excerpt":{"rendered":"<p>&nbsp; A Escola Estadual de Educa\u00e7\u00e3o Especial Walter Vasconcelos realizou, na quarta feira 12 de julho, sua tradicional Festa Julhina, com a participa\u00e7\u00e3o de seus 250 alunos com necessidades especiais diferenciadas, seus pais, familiares, amigos, al\u00e9m dos professores, funcion\u00e1rios e equipe gestora, que fizeram um belo trabalho conjunto, na organiza\u00e7\u00e3o, decora\u00e7\u00e3o e coordena\u00e7\u00e3o do evento. [&hellip;]<\/p>\n","protected":false},"author":2,"featured_media":41119,"comment_status":"open","ping_status":"closed","sticky":false,"template":"","format":"standard","meta":{"_joinchat":[],"footnotes":""},"categories":[1],"tags":[],"class_list":["post-41118","post","type-post","status-publish","format-standard","has-post-thumbnail","hentry","category-sem-categoria"],"_links":{"self":[{"href":"http:\/\/folhadosudeste.com\/site\/index.php?rest_route=\/wp\/v2\/posts\/41118","targetHints":{"allow":["GET"]}}],"collection":[{"href":"http:\/\/folhadosudeste.com\/site\/index.php?rest_route=\/wp\/v2\/posts"}],"about":[{"href":"http:\/\/folhadosudeste.com\/site\/index.php?rest_route=\/wp\/v2\/types\/post"}],"author":[{"embeddable":true,"href":"http:\/\/folhadosudeste.com\/site\/index.php?rest_route=\/wp\/v2\/users\/2"}],"replies":[{"embeddable":true,"href":"http:\/\/folhadosudeste.com\/site\/index.php?rest_route=%2Fwp%2Fv2%2Fcomments&post=41118"}],"version-history":[{"count":1,"href":"http:\/\/folhadosudeste.com\/site\/index.php?rest_route=\/wp\/v2\/posts\/41118\/revisions"}],"predecessor-version":[{"id":41136,"href":"http:\/\/folhadosudeste.com\/site\/index.php?rest_route=\/wp\/v2\/posts\/41118\/revisions\/41136"}],"wp:featuredmedia":[{"embeddable":true,"href":"http:\/\/folhadosudeste.com\/site\/index.php?rest_route=\/wp\/v2\/media\/41119"}],"wp:attachment":[{"href":"http:\/\/folhadosudeste.com\/site\/index.php?rest_route=%2Fwp%2Fv2%2Fmedia&parent=41118"}],"wp:term":[{"taxonomy":"category","embeddable":true,"href":"http:\/\/folhadosudeste.com\/site\/index.php?rest_route=%2Fwp%2Fv2%2Fcategories&post=41118"},{"taxonomy":"post_tag","embeddable":true,"href":"http:\/\/folhadosudeste.com\/site\/index.php?rest_route=%2Fwp%2Fv2%2Ftags&post=41118"}],"curies":[{"name":"wp","href":"https:\/\/api.w.org\/{rel}","templated":true}]}}