{"id":41361,"date":"2017-07-17T12:45:44","date_gmt":"2017-07-17T12:45:44","guid":{"rendered":"http:\/\/folhadosudeste.com\/site\/?p=41361"},"modified":"2017-07-17T12:46:07","modified_gmt":"2017-07-17T12:46:07","slug":"prefeitura-intensifica-trabalho-junto-a-populacao-de-rua-durante-inverno","status":"publish","type":"post","link":"http:\/\/folhadosudeste.com\/site\/?p=41361","title":{"rendered":"PREFEITURA INTENSIFICA TRABALHO JUNTO \u00c0 POPULA\u00c7\u00c3O DE RUA DURANTE INVERNO"},"content":{"rendered":"<p align=\"center\"><a href=\"http:\/\/folhadosudeste.com\/site\/wp-content\/uploads\/2017\/07\/Intensifica\u00e7\u00e3o-do-trabalho-junto-\u00e0-popula\u00e7\u00e3o-em-situa\u00e7\u00e3o-de-rua.jpg\"><img loading=\"lazy\" decoding=\"async\" class=\"aligncenter wp-image-41362 size-large\" src=\"http:\/\/folhadosudeste.com\/site\/wp-content\/uploads\/2017\/07\/Intensifica\u00e7\u00e3o-do-trabalho-junto-\u00e0-popula\u00e7\u00e3o-em-situa\u00e7\u00e3o-de-rua-1024x576.jpg\" alt=\"\" width=\"620\" height=\"349\" srcset=\"http:\/\/folhadosudeste.com\/site\/wp-content\/uploads\/2017\/07\/Intensifica\u00e7\u00e3o-do-trabalho-junto-\u00e0-popula\u00e7\u00e3o-em-situa\u00e7\u00e3o-de-rua-1024x576.jpg 1024w, http:\/\/folhadosudeste.com\/site\/wp-content\/uploads\/2017\/07\/Intensifica\u00e7\u00e3o-do-trabalho-junto-\u00e0-popula\u00e7\u00e3o-em-situa\u00e7\u00e3o-de-rua-300x169.jpg 300w, http:\/\/folhadosudeste.com\/site\/wp-content\/uploads\/2017\/07\/Intensifica\u00e7\u00e3o-do-trabalho-junto-\u00e0-popula\u00e7\u00e3o-em-situa\u00e7\u00e3o-de-rua-768x432.jpg 768w, http:\/\/folhadosudeste.com\/site\/wp-content\/uploads\/2017\/07\/Intensifica\u00e7\u00e3o-do-trabalho-junto-\u00e0-popula\u00e7\u00e3o-em-situa\u00e7\u00e3o-de-rua.jpg 1280w\" sizes=\"auto, (max-width: 620px) 100vw, 620px\" \/><\/a><\/p>\n<p class=\"m_-1953026297200554971gmail-MsoNoSpacing\" style=\"text-align: justify;\" align=\"center\"><i>Objetivo \u00e9 oferecer suporte \u00e0s pessoas que moram nas ruas, para que saiam da situa\u00e7\u00e3o de vulnerabilidade social<\/i><\/p>\n<p class=\"m_-1953026297200554971gmail-MsoNoSpacing\" style=\"text-align: justify;\">A Prefeitura de Muria\u00e9 est\u00e1 intensificando o trabalho de apoio \u00e0 popula\u00e7\u00e3o em situa\u00e7\u00e3o de rua neste per\u00edodo em que as temperaturas ca\u00edram na cidade. O foco \u00e9 acompanhar o processo de sa\u00edda das ruas, resgatar os v\u00ednculos familiares, a autoestima e reinserir estas pessoas na sociedade.<\/p>\n<p class=\"m_-1953026297200554971gmail-MsoNoSpacing\" style=\"text-align: justify;\">A coordenadora da Casa Acolhedora, a psic\u00f3loga Emiliane Antunes, explica que mesmo que a institui\u00e7\u00e3o geralmente n\u00e3o abrigue pessoas alcoolizadas e sem documenta\u00e7\u00e3o, neste inverno est\u00e1 abrindo exce\u00e7\u00f5es, para que esta popula\u00e7\u00e3o n\u00e3o fique nas ruas. \u201cMuitos dos nossos acolhidos n\u00e3o v\u00eam para a Casa Acolhedora porque j\u00e1 bebeu algo. Como geralmente n\u00e3o recebemos pessoas embriagadas ou sob efeito de drogas, e elas sabem disso, a maioria n\u00e3o vem. Mas como o frio est\u00e1 intenso, estamos burlando temporariamente essas regras e acolhendo essas pessoas\u201d, contou.&nbsp;<\/p>\n<p class=\"m_-1953026297200554971gmail-MsoNoSpacing\" style=\"text-align: justify;\">Durante o dia,&nbsp;a Secretaria Municipal de Desenvolvimento Social faz o encaminhamento para o Centro POP. Quando a abordagem \u00e9 feita \u00e0 noite, as pessoas s\u00e3o conduzidas para a Casa Acolhedora, que oferece abrigo, vestu\u00e1rio e alimenta\u00e7\u00e3o. Por\u00e9m, quando o convite para acolhimento n\u00e3o \u00e9 aceito, os \u00f3rg\u00e3os sociais acatam a vontade desta popula\u00e7\u00e3o e continuam a fazer o convite diariamente.<b><\/b><\/p>\n<p class=\"m_-1953026297200554971gmail-MsoNoSpacing\" style=\"text-align: justify;\"><b>INSTITUI\u00c7\u00d5ES EST\u00c3O RECEBENDO&nbsp;DOA\u00c7\u00c3O DE AGASALHOS E COBERTORES<\/b><\/p>\n<p class=\"m_-1953026297200554971gmail-MsoNoSpacing\" style=\"text-align: justify;\">A coordenadora do Centro POP, a assistente social Ariane Pedroso, solicita aos muriaeenses que as doa\u00e7\u00f5es de agasalhos e cobertores sejam feitas apenas nas institui\u00e7\u00f5es sociais. Segundo ela, a entrega direta de donativos mant\u00e9m a pessoa nas ruas, enquanto o foco \u00e9 fazer com que ela supere esta situa\u00e7\u00e3o.<\/p>\n<p class=\"m_-1953026297200554971gmail-MsoNoSpacing\" style=\"text-align: justify;\">O prefeito Grego ressalta que a Administra\u00e7\u00e3o trabalha para construir uma cidade mais humanizada. \u201c\u00c9 importante ajudar essas institui\u00e7\u00f5es, doando um pouco dos agasalhos que temos. \u00c9 um gesto de grandeza e humanidade. A Prefeitura est\u00e1 intensificando o trabalho de acolhimento \u00e0s pessoas em situa\u00e7\u00e3o de rua durante o inverno, pois nos preocupamos com a sa\u00fade e com bem-estar daqueles que est\u00e3o vulner\u00e1veis ao frio\u201d, frisa o prefeito.<\/p>\n<p class=\"m_-1953026297200554971gmail-MsoNoSpacing\" style=\"text-align: justify;\"><a name=\"m_-1953026297200554971__GoBack\"><\/a><b>SERVI\u00c7O:<\/b><\/p>\n<p class=\"m_-1953026297200554971gmail-MsoNoSpacing\" style=\"text-align: justify;\"><b>Centro POP<\/b><\/p>\n<p class=\"m_-1953026297200554971gmail-MsoNoSpacing\" style=\"text-align: justify;\"><b>Endere\u00e7o:<\/b>&nbsp;Avenida Coronel Pereira Sobrinho, 87, Porto<\/p>\n<p class=\"m_-1953026297200554971gmail-MsoNoSpacing\" style=\"text-align: justify;\"><b>Hor\u00e1rio de funcionamento:<\/b>&nbsp;de segunda a sexta-feira, de 7 \u00e0s 17h; aos s\u00e1bados e domingos, de 7h \u00e0s 13h<\/p>\n<p class=\"m_-1953026297200554971gmail-MsoNoSpacing\" style=\"text-align: justify;\"><b>Telefone:<\/b>&nbsp;3728-3877<\/p>\n<p class=\"m_-1953026297200554971gmail-MsoNoSpacing\" style=\"text-align: justify;\"><b>P\u00fablico-alvo:<\/b>&nbsp;pessoas em situa\u00e7\u00e3o de rua<\/p>\n<p class=\"m_-1953026297200554971gmail-MsoNoSpacing\" style=\"text-align: justify;\">&nbsp;<\/p>\n<p class=\"m_-1953026297200554971gmail-MsoNoSpacing\" style=\"text-align: justify;\"><b>Casa Acolhedora<\/b><\/p>\n<p class=\"m_-1953026297200554971gmail-MsoNoSpacing\" style=\"text-align: justify;\"><b>Endere\u00e7o:<\/b>&nbsp;Rua J\u00falio Brand\u00e3o, 168, Barra<\/p>\n<p class=\"m_-1953026297200554971gmail-MsoNoSpacing\" style=\"text-align: justify;\"><b>Hor\u00e1rio de funcionamento:<\/b>&nbsp;todos os dias, 24 horas por dia<\/p>\n<p class=\"m_-1953026297200554971gmail-MsoNoSpacing\" style=\"text-align: justify;\"><b>Telefone:<\/b>&nbsp;3721-4602<\/p>\n<p class=\"m_-1953026297200554971gmail-MsoNoSpacing\" style=\"text-align: justify;\"><b>P\u00fablico-alvo:<\/b>&nbsp;pessoas em situa\u00e7\u00e3o de rua<\/p>\n","protected":false},"excerpt":{"rendered":"<p>Objetivo \u00e9 oferecer suporte \u00e0s pessoas que moram nas ruas, para que saiam da situa\u00e7\u00e3o de vulnerabilidade social A Prefeitura de Muria\u00e9 est\u00e1 intensificando o trabalho de apoio \u00e0 popula\u00e7\u00e3o em situa\u00e7\u00e3o de rua neste per\u00edodo em que as temperaturas ca\u00edram na cidade. O foco \u00e9 acompanhar o processo de sa\u00edda das ruas, resgatar os [&hellip;]<\/p>\n","protected":false},"author":6,"featured_media":41362,"comment_status":"open","ping_status":"closed","sticky":false,"template":"","format":"standard","meta":{"_joinchat":[],"footnotes":""},"categories":[1],"tags":[],"class_list":["post-41361","post","type-post","status-publish","format-standard","has-post-thumbnail","hentry","category-sem-categoria"],"_links":{"self":[{"href":"http:\/\/folhadosudeste.com\/site\/index.php?rest_route=\/wp\/v2\/posts\/41361","targetHints":{"allow":["GET"]}}],"collection":[{"href":"http:\/\/folhadosudeste.com\/site\/index.php?rest_route=\/wp\/v2\/posts"}],"about":[{"href":"http:\/\/folhadosudeste.com\/site\/index.php?rest_route=\/wp\/v2\/types\/post"}],"author":[{"embeddable":true,"href":"http:\/\/folhadosudeste.com\/site\/index.php?rest_route=\/wp\/v2\/users\/6"}],"replies":[{"embeddable":true,"href":"http:\/\/folhadosudeste.com\/site\/index.php?rest_route=%2Fwp%2Fv2%2Fcomments&post=41361"}],"version-history":[{"count":1,"href":"http:\/\/folhadosudeste.com\/site\/index.php?rest_route=\/wp\/v2\/posts\/41361\/revisions"}],"predecessor-version":[{"id":41363,"href":"http:\/\/folhadosudeste.com\/site\/index.php?rest_route=\/wp\/v2\/posts\/41361\/revisions\/41363"}],"wp:featuredmedia":[{"embeddable":true,"href":"http:\/\/folhadosudeste.com\/site\/index.php?rest_route=\/wp\/v2\/media\/41362"}],"wp:attachment":[{"href":"http:\/\/folhadosudeste.com\/site\/index.php?rest_route=%2Fwp%2Fv2%2Fmedia&parent=41361"}],"wp:term":[{"taxonomy":"category","embeddable":true,"href":"http:\/\/folhadosudeste.com\/site\/index.php?rest_route=%2Fwp%2Fv2%2Fcategories&post=41361"},{"taxonomy":"post_tag","embeddable":true,"href":"http:\/\/folhadosudeste.com\/site\/index.php?rest_route=%2Fwp%2Fv2%2Ftags&post=41361"}],"curies":[{"name":"wp","href":"https:\/\/api.w.org\/{rel}","templated":true}]}}