{"id":41364,"date":"2017-07-17T12:48:14","date_gmt":"2017-07-17T12:48:14","guid":{"rendered":"http:\/\/folhadosudeste.com\/site\/?p=41364"},"modified":"2017-07-17T13:04:49","modified_gmt":"2017-07-17T13:04:49","slug":"bairro-primavera-recebera-nova-unidade-de-saude","status":"publish","type":"post","link":"http:\/\/folhadosudeste.com\/site\/?p=41364","title":{"rendered":"BAIRRO PRIMAVERA RECEBER\u00c1 NOVA UNIDADE DE SA\u00daDE"},"content":{"rendered":"<p><a href=\"http:\/\/folhadosudeste.com\/site\/wp-content\/uploads\/2017\/07\/IMG_3898.jpg\"><img loading=\"lazy\" decoding=\"async\" class=\"aligncenter wp-image-41365 size-large\" src=\"http:\/\/folhadosudeste.com\/site\/wp-content\/uploads\/2017\/07\/IMG_3898-1024x683.jpg\" alt=\"\" width=\"620\" height=\"414\" srcset=\"http:\/\/folhadosudeste.com\/site\/wp-content\/uploads\/2017\/07\/IMG_3898-1024x683.jpg 1024w, http:\/\/folhadosudeste.com\/site\/wp-content\/uploads\/2017\/07\/IMG_3898-300x200.jpg 300w, http:\/\/folhadosudeste.com\/site\/wp-content\/uploads\/2017\/07\/IMG_3898-768x512.jpg 768w, http:\/\/folhadosudeste.com\/site\/wp-content\/uploads\/2017\/07\/IMG_3898-290x195.jpg 290w, http:\/\/folhadosudeste.com\/site\/wp-content\/uploads\/2017\/07\/IMG_3898.jpg 2048w\" sizes=\"auto, (max-width: 620px) 100vw, 620px\" \/><\/a><\/p>\n<p style=\"text-align: justify;\"><em>Prefeitura realiza obras de conclus\u00e3o da UBS para ampliar atendimento e oferecer mais conforto<\/em><\/p>\n<p style=\"text-align: justify;\">O bairro Primavera receber\u00e1, pela primeira vez, uma Unidade B\u00e1sica de Sa\u00fade \u2013 UBS em sede pr\u00f3pria, com recep\u00e7\u00e3o, salas adequadas, consult\u00f3rios m\u00e9dicos e odontol\u00f3gicos. A Prefeitura de Muria\u00e9 dever\u00e1 concluir a obra da nova unidade, localizada na rua Alameda dos Oitis, at\u00e9 30 de agosto. A estrutura oferecer\u00e1 mais assist\u00eancia e ampliar\u00e1 o atendimento aos moradores do bairro.<\/p>\n<p style=\"text-align: justify;\">A nova UBS recebeu, este ano, janelas, portas, pintura, parte el\u00e9trica e hidr\u00e1ulica, al\u00e9m da amplia\u00e7\u00e3o de muros laterais. Neste momento, ser\u00e3o constru\u00eddas as cal\u00e7adas e os jardins no entorno. Para o secret\u00e1rio de Obras P\u00fablicas e Urbanismo, Aderbal Fernandes, a nova Unidade ser\u00e1 um grande diferencial para o bairro. \u201cEstamos construindo a UBS com cuidado e carinho. Colocamos piso de policarbonato visando um fino acabamento e facilidade na limpeza. Caprichamos na fachada e implantaremos rampas de acesso para cadeirantes, assim como jardins para tornar o ambiente bem agrad\u00e1vel\u201d, explicou.<\/p>\n<p style=\"text-align: justify;\">As UBS\u00b4s s\u00e3o respons\u00e1veis por zelar pela sa\u00fade b\u00e1sica \u2013 m\u00e9dico cl\u00ednico geral, enfermeiras, curativos, dentistas, entre outros. Fazem atendimentos rotineiros e de controle. Para o prefeito Grego, a sa\u00fade precisa estar mais perto dos moradores. \u201cHoje, a sa\u00fade precisa estar ao lado das fam\u00edlias, para que trabalhemos com a medicina preventiva ao inv\u00e9s da curativa. Com a preven\u00e7\u00e3o de doen\u00e7as nos postos, evitamos que as pessoas cheguem a precisar do pronto-socorro. Nossa prioridade \u00e9 zelar pela sa\u00fade das pessoas e construir um novo caminho para Muria\u00e9\u201d, disse o Prefeito.&nbsp;<\/p>\n","protected":false},"excerpt":{"rendered":"<p>Prefeitura realiza obras de conclus\u00e3o da UBS para ampliar atendimento e oferecer mais conforto O bairro Primavera receber\u00e1, pela primeira vez, uma Unidade B\u00e1sica de Sa\u00fade \u2013 UBS em sede pr\u00f3pria, com recep\u00e7\u00e3o, salas adequadas, consult\u00f3rios m\u00e9dicos e odontol\u00f3gicos. A Prefeitura de Muria\u00e9 dever\u00e1 concluir a obra da nova unidade, localizada na rua Alameda dos [&hellip;]<\/p>\n","protected":false},"author":6,"featured_media":41365,"comment_status":"open","ping_status":"closed","sticky":false,"template":"","format":"standard","meta":{"_joinchat":[],"footnotes":""},"categories":[1],"tags":[],"class_list":["post-41364","post","type-post","status-publish","format-standard","has-post-thumbnail","hentry","category-sem-categoria"],"_links":{"self":[{"href":"http:\/\/folhadosudeste.com\/site\/index.php?rest_route=\/wp\/v2\/posts\/41364","targetHints":{"allow":["GET"]}}],"collection":[{"href":"http:\/\/folhadosudeste.com\/site\/index.php?rest_route=\/wp\/v2\/posts"}],"about":[{"href":"http:\/\/folhadosudeste.com\/site\/index.php?rest_route=\/wp\/v2\/types\/post"}],"author":[{"embeddable":true,"href":"http:\/\/folhadosudeste.com\/site\/index.php?rest_route=\/wp\/v2\/users\/6"}],"replies":[{"embeddable":true,"href":"http:\/\/folhadosudeste.com\/site\/index.php?rest_route=%2Fwp%2Fv2%2Fcomments&post=41364"}],"version-history":[{"count":2,"href":"http:\/\/folhadosudeste.com\/site\/index.php?rest_route=\/wp\/v2\/posts\/41364\/revisions"}],"predecessor-version":[{"id":41379,"href":"http:\/\/folhadosudeste.com\/site\/index.php?rest_route=\/wp\/v2\/posts\/41364\/revisions\/41379"}],"wp:featuredmedia":[{"embeddable":true,"href":"http:\/\/folhadosudeste.com\/site\/index.php?rest_route=\/wp\/v2\/media\/41365"}],"wp:attachment":[{"href":"http:\/\/folhadosudeste.com\/site\/index.php?rest_route=%2Fwp%2Fv2%2Fmedia&parent=41364"}],"wp:term":[{"taxonomy":"category","embeddable":true,"href":"http:\/\/folhadosudeste.com\/site\/index.php?rest_route=%2Fwp%2Fv2%2Fcategories&post=41364"},{"taxonomy":"post_tag","embeddable":true,"href":"http:\/\/folhadosudeste.com\/site\/index.php?rest_route=%2Fwp%2Fv2%2Ftags&post=41364"}],"curies":[{"name":"wp","href":"https:\/\/api.w.org\/{rel}","templated":true}]}}