{"id":41367,"date":"2017-07-17T12:51:48","date_gmt":"2017-07-17T12:51:48","guid":{"rendered":"http:\/\/folhadosudeste.com\/site\/?p=41367"},"modified":"2017-07-17T12:51:48","modified_gmt":"2017-07-17T12:51:48","slug":"%e2%80%8b%e2%80%8b%e2%80%8b%e2%80%8b%e2%80%8b%e2%80%8b%e2%80%8b%e2%80%8b%e2%80%8b%e2%80%8b%e2%80%8b%e2%80%8b%e2%80%8b%e2%80%8b%e2%80%8b%e2%80%8b%e2%80%8b%e2%80%8b%e2%80%8b%e2%80%8b%e2%80%8b%e2%80%8b","status":"publish","type":"post","link":"http:\/\/folhadosudeste.com\/site\/?p=41367","title":{"rendered":"\u200b\u200b\u200b\u200b\u200b\u200b\u200b\u200b\u200b\u200b\u200b\u200b\u200b\u200b\u200b\u200b\u200b\u200b\u200b\u200b\u200b\u200b\u200b\u200b\u200b\u200b\u200b\u200b\u200b\u200b\u200b\u200b\u200b\u200b\u200bPREFEITURA PROMOVE CONFER\u00caNCIA MUNICIPAL DE ASSIST\u00caNCIA SOCIAL"},"content":{"rendered":"<div><a href=\"http:\/\/folhadosudeste.com\/site\/wp-content\/uploads\/2017\/07\/IMG_1115.jpg\"><img loading=\"lazy\" decoding=\"async\" class=\"aligncenter wp-image-41368 size-large\" src=\"http:\/\/folhadosudeste.com\/site\/wp-content\/uploads\/2017\/07\/IMG_1115-1024x611.jpg\" alt=\"\" width=\"620\" height=\"370\" srcset=\"http:\/\/folhadosudeste.com\/site\/wp-content\/uploads\/2017\/07\/IMG_1115-1024x611.jpg 1024w, http:\/\/folhadosudeste.com\/site\/wp-content\/uploads\/2017\/07\/IMG_1115-300x179.jpg 300w, http:\/\/folhadosudeste.com\/site\/wp-content\/uploads\/2017\/07\/IMG_1115-768x459.jpg 768w, http:\/\/folhadosudeste.com\/site\/wp-content\/uploads\/2017\/07\/IMG_1115.jpg 2048w\" sizes=\"auto, (max-width: 620px) 100vw, 620px\" \/><\/a><\/div>\n<div style=\"text-align: justify;\"><i>Durante evento foram discutidas propostas para melhorar servi\u00e7os oferecidos aos muriaeenses<\/i><\/div>\n<div style=\"text-align: justify;\">&nbsp;<\/div>\n<div style=\"text-align: justify;\">A Prefeitura de Muria\u00e9 promoveu, na quarta e quinta-feira (12 e 13), no CD Moda, a 11\u00aa edi\u00e7\u00e3o da Confer\u00eancia Municipal de Assist\u00eancia Social. O evento tem o objetivo de avaliar a pol\u00edtica de assist\u00eancia social da cidade e apresentar propostas para melhorar os servi\u00e7os e projetos oferecidos aos muriaeenses.<\/div>\n<div style=\"text-align: justify;\">&nbsp;<\/div>\n<div style=\"text-align: justify;\">Durante os dois dias de Confer\u00eancia, foram abordados temas sobre a garantia de direitos no Sistema \u00danico de Assist\u00eancia Social (SUAS), atrav\u00e9s de palestras e debates. Houve tamb\u00e9m apresenta\u00e7\u00f5es culturais, exposi\u00e7\u00e3o de trabalhos e servi\u00e7os realizados com os usu\u00e1rios dos projetos sociais desde janeiro de 2017. Al\u00e9m disso, o evento teve acessibilidade em Libras.<\/div>\n<div style=\"text-align: justify;\">&nbsp;<\/div>\n<div style=\"text-align: justify;\">\u201cNos \u00faltimos dois anos, a pol\u00edtica de assist\u00eancia social teve diversas perdas. Nesta Confer\u00eancia, podemos discutir propostas para garantir, de fato, junto com os usu\u00e1rios do sistema, uma melhora no setor. De forma conjunta, vamos pensar solu\u00e7\u00f5es para os pr\u00f3ximos anos\u201d, conta a secret\u00e1ria da pasta, Giselle Braga.&nbsp;<\/div>\n<div style=\"text-align: justify;\">&nbsp;<\/div>\n<div style=\"text-align: justify;\">PREFEITO RESSALTA IMPORT\u00c2NCIA DO DI\u00c1LOGO PARA OFERECER MELHORES SERVI\u00c7OS \u00c0 POPULA\u00c7\u00c3O<\/div>\n<div style=\"text-align: justify;\">&nbsp;<\/div>\n<div style=\"text-align: justify;\">\u201cA Confer\u00eancia foi importante para possibilitar o di\u00e1logo com profissionais e usu\u00e1rios sobre os rumos da assist\u00eancia social na cidade. A nossa Administra\u00e7\u00e3o \u00e9 voltada para o ser humano. Por isso, queremos melhorar cada vez mais os servi\u00e7os ofertados aos muriaeenses, construindo um novo caminho, humanizado e inclusivo, para Muria\u00e9\u201d, afirmou o prefeito Grego.<\/div>\n<div style=\"text-align: justify;\">&nbsp;<\/div>\n<div style=\"text-align: justify;\">Ao final, foram eleitos dez delegados, que representar\u00e3o Muria\u00e9 na Confer\u00eancia Regional de Assist\u00eancia Social, que ser\u00e1 realizada no dia 28 de agosto, no Sesc Muria\u00e9.&nbsp;<\/div>\n","protected":false},"excerpt":{"rendered":"<p>Durante evento foram discutidas propostas para melhorar servi\u00e7os oferecidos aos muriaeenses &nbsp; A Prefeitura de Muria\u00e9 promoveu, na quarta e quinta-feira (12 e 13), no CD Moda, a 11\u00aa edi\u00e7\u00e3o da Confer\u00eancia Municipal de Assist\u00eancia Social. O evento tem o objetivo de avaliar a pol\u00edtica de assist\u00eancia social da cidade e apresentar propostas para melhorar [&hellip;]<\/p>\n","protected":false},"author":6,"featured_media":41368,"comment_status":"open","ping_status":"closed","sticky":false,"template":"","format":"standard","meta":{"_joinchat":[],"footnotes":""},"categories":[1],"tags":[],"class_list":["post-41367","post","type-post","status-publish","format-standard","has-post-thumbnail","hentry","category-sem-categoria"],"_links":{"self":[{"href":"http:\/\/folhadosudeste.com\/site\/index.php?rest_route=\/wp\/v2\/posts\/41367","targetHints":{"allow":["GET"]}}],"collection":[{"href":"http:\/\/folhadosudeste.com\/site\/index.php?rest_route=\/wp\/v2\/posts"}],"about":[{"href":"http:\/\/folhadosudeste.com\/site\/index.php?rest_route=\/wp\/v2\/types\/post"}],"author":[{"embeddable":true,"href":"http:\/\/folhadosudeste.com\/site\/index.php?rest_route=\/wp\/v2\/users\/6"}],"replies":[{"embeddable":true,"href":"http:\/\/folhadosudeste.com\/site\/index.php?rest_route=%2Fwp%2Fv2%2Fcomments&post=41367"}],"version-history":[{"count":1,"href":"http:\/\/folhadosudeste.com\/site\/index.php?rest_route=\/wp\/v2\/posts\/41367\/revisions"}],"predecessor-version":[{"id":41369,"href":"http:\/\/folhadosudeste.com\/site\/index.php?rest_route=\/wp\/v2\/posts\/41367\/revisions\/41369"}],"wp:featuredmedia":[{"embeddable":true,"href":"http:\/\/folhadosudeste.com\/site\/index.php?rest_route=\/wp\/v2\/media\/41368"}],"wp:attachment":[{"href":"http:\/\/folhadosudeste.com\/site\/index.php?rest_route=%2Fwp%2Fv2%2Fmedia&parent=41367"}],"wp:term":[{"taxonomy":"category","embeddable":true,"href":"http:\/\/folhadosudeste.com\/site\/index.php?rest_route=%2Fwp%2Fv2%2Fcategories&post=41367"},{"taxonomy":"post_tag","embeddable":true,"href":"http:\/\/folhadosudeste.com\/site\/index.php?rest_route=%2Fwp%2Fv2%2Ftags&post=41367"}],"curies":[{"name":"wp","href":"https:\/\/api.w.org\/{rel}","templated":true}]}}