{"id":41386,"date":"2017-07-18T13:12:36","date_gmt":"2017-07-18T13:12:36","guid":{"rendered":"http:\/\/folhadosudeste.com\/site\/?p=41386"},"modified":"2017-07-18T13:12:36","modified_gmt":"2017-07-18T13:12:36","slug":"prefeitura-realiza-processo-seletivo-para-programa-de-acesso-ao-trabalho","status":"publish","type":"post","link":"http:\/\/folhadosudeste.com\/site\/?p=41386","title":{"rendered":"PREFEITURA REALIZA PROCESSO SELETIVO PARA PROGRAMA DE ACESSO AO TRABALHO"},"content":{"rendered":"<p align=\"center\"><a href=\"http:\/\/folhadosudeste.com\/site\/wp-content\/uploads\/2017\/07\/Prova-Acessuas.jpg\"><img loading=\"lazy\" decoding=\"async\" class=\"aligncenter wp-image-41387 size-large\" src=\"http:\/\/folhadosudeste.com\/site\/wp-content\/uploads\/2017\/07\/Prova-Acessuas-1024x531.jpg\" alt=\"\" width=\"620\" height=\"322\" srcset=\"http:\/\/folhadosudeste.com\/site\/wp-content\/uploads\/2017\/07\/Prova-Acessuas-1024x531.jpg 1024w, http:\/\/folhadosudeste.com\/site\/wp-content\/uploads\/2017\/07\/Prova-Acessuas-300x155.jpg 300w, http:\/\/folhadosudeste.com\/site\/wp-content\/uploads\/2017\/07\/Prova-Acessuas-768x398.jpg 768w, http:\/\/folhadosudeste.com\/site\/wp-content\/uploads\/2017\/07\/Prova-Acessuas.jpg 1125w\" sizes=\"auto, (max-width: 620px) 100vw, 620px\" \/><\/a><\/p>\n<p class=\"m_-997157411993448466gmail-MsoNoSpacing\" style=\"text-align: justify;\" align=\"center\"><i>T\u00e9cnicos v\u00e3o identificar demandas de capacita\u00e7\u00e3o profissional e oportunidades de emprego aos muriaeenses<\/i><\/p>\n<p class=\"m_-997157411993448466gmail-MsoNoSpacing\" style=\"text-align: justify;\">A Prefeitura de Muria\u00e9 realizou, no \u00faltimo s\u00e1bado (15), processo seletivo para preenchimento de duas vagas de t\u00e9cnicos que v\u00e3o atuar no Programa de Promo\u00e7\u00e3o do Acesso ao Mundo do Trabalho (Acessuas), do Governo Federal. Os profissionais far\u00e3o a media\u00e7\u00e3o entre quem oferece vagas de emprego com quem procura trabalho. Al\u00e9m disso, eles v\u00e3o fazer o levantamento de quais institui\u00e7\u00f5es parceiras podem oferecer cursos de capacita\u00e7\u00e3o aos muriaeenses, facilitando o acesso da popula\u00e7\u00e3o ao mercado de trabalho.<\/p>\n<p class=\"m_-997157411993448466gmail-MsoNoSpacing\" style=\"text-align: justify;\">A prova aconteceu pela manh\u00e3 na Escola Municipal Gilberto Jos\u00e9 Tanuz Braz e contou com aproximadamente 90 candidatos. A princ\u00edpio, ser\u00e3o contratados dois t\u00e9cnicos &#8211; um de n\u00edvel superior com forma\u00e7\u00e3o em Psicologia ou Assist\u00eancia Social e um de n\u00edvel m\u00e9dio. O gabarito estar\u00e1 dispon\u00edvel para consulta no dia 19 de julho, no site da Prefeitura de Muria\u00e9 (<a href=\"http:\/\/www.prefeiturademuriae.com.br\/\" target=\"_blank\" rel=\"noopener\" data-saferedirecturl=\"https:\/\/www.google.com\/url?hl=pt-BR&amp;q=http:\/\/www.prefeiturademuriae.com.br\/&amp;source=gmail&amp;ust=1500466702091000&amp;usg=AFQjCNGQNGb6gXSXdfz1yi7TiJaVC0t2Qw\">www.prefeiturademuriae.com.br<\/a><wbr>, na aba \u201cCidad\u00e3o\u201d, no link \u201cProcessos Seletivos\u201d). J\u00e1 o resultado definitivo ser\u00e1 divulgado no dia 28 deste m\u00eas.<\/p>\n<p class=\"m_-997157411993448466gmail-MsoNoSpacing\" style=\"text-align: justify;\"><b>PREFEITURA BUSCA FACILITAR CONTRATA\u00c7\u00d5ES NA CIDADE<\/b><\/p>\n<p class=\"m_-997157411993448466gmail-MsoNoSpacing\" style=\"text-align: justify;\">\u201cO maior problema que enfrentamos hoje n\u00e3o \u00e9 a aus\u00eancia de vagas no mercado de trabalho, mas a falta de pessoas qualificadas para assumir os espa\u00e7os que temos dispon\u00edveis. Este programa tem o objetivo de diminuir a dist\u00e2ncia entre esses dois lados: o de quem oferece e o de quem procura pela vaga de emprego\u201d, comentou a secret\u00e1ria Municipal de Desenvolvimento Social, Giselle Braga.<\/p>\n<p class=\"m_-997157411993448466gmail-MsoNoSpacing\" style=\"text-align: justify;\">O prefeito Grego frisa que o programa \u00e9 importante para possibilitar novas oportunidades de trabalho e de capacita\u00e7\u00e3o aos muriaeenses. \u201cMais oportunidades de trabalho \u00e9 sin\u00f4nimo de desenvolvimento para nossa cidade. Oferecendo mais trabalho e capacita\u00e7\u00e3o, vamos construir um novo caminho para Muria\u00e9\u201d, afirma.<\/p>\n","protected":false},"excerpt":{"rendered":"<p>T\u00e9cnicos v\u00e3o identificar demandas de capacita\u00e7\u00e3o profissional e oportunidades de emprego aos muriaeenses A Prefeitura de Muria\u00e9 realizou, no \u00faltimo s\u00e1bado (15), processo seletivo para preenchimento de duas vagas de t\u00e9cnicos que v\u00e3o atuar no Programa de Promo\u00e7\u00e3o do Acesso ao Mundo do Trabalho (Acessuas), do Governo Federal. Os profissionais far\u00e3o a media\u00e7\u00e3o entre quem [&hellip;]<\/p>\n","protected":false},"author":6,"featured_media":41387,"comment_status":"open","ping_status":"closed","sticky":false,"template":"","format":"standard","meta":{"_joinchat":[],"footnotes":""},"categories":[1],"tags":[],"class_list":["post-41386","post","type-post","status-publish","format-standard","has-post-thumbnail","hentry","category-sem-categoria"],"_links":{"self":[{"href":"http:\/\/folhadosudeste.com\/site\/index.php?rest_route=\/wp\/v2\/posts\/41386","targetHints":{"allow":["GET"]}}],"collection":[{"href":"http:\/\/folhadosudeste.com\/site\/index.php?rest_route=\/wp\/v2\/posts"}],"about":[{"href":"http:\/\/folhadosudeste.com\/site\/index.php?rest_route=\/wp\/v2\/types\/post"}],"author":[{"embeddable":true,"href":"http:\/\/folhadosudeste.com\/site\/index.php?rest_route=\/wp\/v2\/users\/6"}],"replies":[{"embeddable":true,"href":"http:\/\/folhadosudeste.com\/site\/index.php?rest_route=%2Fwp%2Fv2%2Fcomments&post=41386"}],"version-history":[{"count":1,"href":"http:\/\/folhadosudeste.com\/site\/index.php?rest_route=\/wp\/v2\/posts\/41386\/revisions"}],"predecessor-version":[{"id":41388,"href":"http:\/\/folhadosudeste.com\/site\/index.php?rest_route=\/wp\/v2\/posts\/41386\/revisions\/41388"}],"wp:featuredmedia":[{"embeddable":true,"href":"http:\/\/folhadosudeste.com\/site\/index.php?rest_route=\/wp\/v2\/media\/41387"}],"wp:attachment":[{"href":"http:\/\/folhadosudeste.com\/site\/index.php?rest_route=%2Fwp%2Fv2%2Fmedia&parent=41386"}],"wp:term":[{"taxonomy":"category","embeddable":true,"href":"http:\/\/folhadosudeste.com\/site\/index.php?rest_route=%2Fwp%2Fv2%2Fcategories&post=41386"},{"taxonomy":"post_tag","embeddable":true,"href":"http:\/\/folhadosudeste.com\/site\/index.php?rest_route=%2Fwp%2Fv2%2Ftags&post=41386"}],"curies":[{"name":"wp","href":"https:\/\/api.w.org\/{rel}","templated":true}]}}