{"id":41389,"date":"2017-07-18T13:15:23","date_gmt":"2017-07-18T13:15:23","guid":{"rendered":"http:\/\/folhadosudeste.com\/site\/?p=41389"},"modified":"2017-07-18T13:15:23","modified_gmt":"2017-07-18T13:15:23","slug":"prefeitura-incentiva-participacao-de-artesas-em-feira-estadual","status":"publish","type":"post","link":"http:\/\/folhadosudeste.com\/site\/?p=41389","title":{"rendered":"PREFEITURA INCENTIVA PARTICIPA\u00c7\u00c3O DE ARTES\u00c3S EM FEIRA ESTADUAL"},"content":{"rendered":"<p><a href=\"http:\/\/folhadosudeste.com\/site\/wp-content\/uploads\/2017\/07\/Mulheres-Rurais.2.jpg\"><img loading=\"lazy\" decoding=\"async\" class=\"aligncenter wp-image-41390 size-large\" src=\"http:\/\/folhadosudeste.com\/site\/wp-content\/uploads\/2017\/07\/Mulheres-Rurais.2-1024x663.jpg\" alt=\"\" width=\"620\" height=\"401\" srcset=\"http:\/\/folhadosudeste.com\/site\/wp-content\/uploads\/2017\/07\/Mulheres-Rurais.2-1024x663.jpg 1024w, http:\/\/folhadosudeste.com\/site\/wp-content\/uploads\/2017\/07\/Mulheres-Rurais.2-300x194.jpg 300w, http:\/\/folhadosudeste.com\/site\/wp-content\/uploads\/2017\/07\/Mulheres-Rurais.2-768x497.jpg 768w, http:\/\/folhadosudeste.com\/site\/wp-content\/uploads\/2017\/07\/Mulheres-Rurais.2.jpg 1770w\" sizes=\"auto, (max-width: 620px) 100vw, 620px\" \/><\/a><\/p>\n<p style=\"text-align: justify;\"><em>Objetivo foi incrementar com\u00e9rcio de produtos artesanais, levando produ\u00e7\u00e3o da cidade aos demais estados do pa\u00eds<\/em><\/p>\n<p style=\"text-align: justify;\">A Associa\u00e7\u00e3o das Mulheres Rurais (AMUR) de Muria\u00e9 esteve presente com estande na 11\u00aa Feira de Agricultura Familiar de Minas &#8211; Agriminas 2017, que aconteceu na \u00faltima semana (5 a 9), em Belo Horizonte. A Prefeitura de Muria\u00e9 incentivou a participa\u00e7\u00e3o das representantes no evento oferecendo transporte, com o objetivo de impulsionar o com\u00e9rcio local, apresentando os produtos da cidade para produtores artesanais e comerciantes de todo o pa\u00eds. &nbsp;<\/p>\n<p style=\"text-align: justify;\">A Feira incentivou novos neg\u00f3cios, promovendo a divulga\u00e7\u00e3o e comercializa\u00e7\u00e3o dos produtos, al\u00e9m de gerar novos v\u00ednculos entre comerciantes e produtores da agricultura familiar.&nbsp; \u201cLevamos o nome de Muria\u00e9 para milhares de pessoas e trouxemos esperan\u00e7a. Ampliamos a possibilidade de receber encomendas de todas as partes do pa\u00eds, pois al\u00e9m de Minas, havia visitantes e expositores de muitos outros Estados\u201d, disse uma das representantes da AMUR, Tereza Rosa.<\/p>\n<p style=\"text-align: justify;\">O evento reuniu importantes produtores da agroind\u00fastria artesanal mineira. \u201cEstivemos presentes com estande na Agriminas e isto para n\u00f3s \u00e9 uma satisfa\u00e7\u00e3o. A tenda de Muria\u00e9 estava l\u00e1, com todos produtos artesanais feitos na nossa cidade. \u00c9 importante incentivar a produ\u00e7\u00e3o artesanal e todas as formas de trabalho dos muriaeenses, gerando renda e emprego para a cidade\u201d, lembrou o prefeito Grego.<\/p>\n","protected":false},"excerpt":{"rendered":"<p>Objetivo foi incrementar com\u00e9rcio de produtos artesanais, levando produ\u00e7\u00e3o da cidade aos demais estados do pa\u00eds A Associa\u00e7\u00e3o das Mulheres Rurais (AMUR) de Muria\u00e9 esteve presente com estande na 11\u00aa Feira de Agricultura Familiar de Minas &#8211; Agriminas 2017, que aconteceu na \u00faltima semana (5 a 9), em Belo Horizonte. A Prefeitura de Muria\u00e9 incentivou [&hellip;]<\/p>\n","protected":false},"author":6,"featured_media":41390,"comment_status":"open","ping_status":"closed","sticky":false,"template":"","format":"standard","meta":{"_joinchat":[],"footnotes":""},"categories":[1],"tags":[],"class_list":["post-41389","post","type-post","status-publish","format-standard","has-post-thumbnail","hentry","category-sem-categoria"],"_links":{"self":[{"href":"http:\/\/folhadosudeste.com\/site\/index.php?rest_route=\/wp\/v2\/posts\/41389","targetHints":{"allow":["GET"]}}],"collection":[{"href":"http:\/\/folhadosudeste.com\/site\/index.php?rest_route=\/wp\/v2\/posts"}],"about":[{"href":"http:\/\/folhadosudeste.com\/site\/index.php?rest_route=\/wp\/v2\/types\/post"}],"author":[{"embeddable":true,"href":"http:\/\/folhadosudeste.com\/site\/index.php?rest_route=\/wp\/v2\/users\/6"}],"replies":[{"embeddable":true,"href":"http:\/\/folhadosudeste.com\/site\/index.php?rest_route=%2Fwp%2Fv2%2Fcomments&post=41389"}],"version-history":[{"count":1,"href":"http:\/\/folhadosudeste.com\/site\/index.php?rest_route=\/wp\/v2\/posts\/41389\/revisions"}],"predecessor-version":[{"id":41391,"href":"http:\/\/folhadosudeste.com\/site\/index.php?rest_route=\/wp\/v2\/posts\/41389\/revisions\/41391"}],"wp:featuredmedia":[{"embeddable":true,"href":"http:\/\/folhadosudeste.com\/site\/index.php?rest_route=\/wp\/v2\/media\/41390"}],"wp:attachment":[{"href":"http:\/\/folhadosudeste.com\/site\/index.php?rest_route=%2Fwp%2Fv2%2Fmedia&parent=41389"}],"wp:term":[{"taxonomy":"category","embeddable":true,"href":"http:\/\/folhadosudeste.com\/site\/index.php?rest_route=%2Fwp%2Fv2%2Fcategories&post=41389"},{"taxonomy":"post_tag","embeddable":true,"href":"http:\/\/folhadosudeste.com\/site\/index.php?rest_route=%2Fwp%2Fv2%2Ftags&post=41389"}],"curies":[{"name":"wp","href":"https:\/\/api.w.org\/{rel}","templated":true}]}}