{"id":41392,"date":"2017-07-19T13:09:42","date_gmt":"2017-07-19T13:09:42","guid":{"rendered":"http:\/\/folhadosudeste.com\/site\/?p=41392"},"modified":"2017-07-19T13:09:42","modified_gmt":"2017-07-19T13:09:42","slug":"caps-ad-ja-esta-funcionando-em-novo-endereco","status":"publish","type":"post","link":"http:\/\/folhadosudeste.com\/site\/?p=41392","title":{"rendered":"CAPS AD J\u00c1 EST\u00c1 FUNCIONANDO EM NOVO ENDERE\u00c7O"},"content":{"rendered":"<p align=\"center\"><a href=\"http:\/\/folhadosudeste.com\/site\/wp-content\/uploads\/2017\/07\/IMG_1388.jpg\"><img loading=\"lazy\" decoding=\"async\" class=\"aligncenter wp-image-41393 size-large\" src=\"http:\/\/folhadosudeste.com\/site\/wp-content\/uploads\/2017\/07\/IMG_1388-1024x698.jpg\" alt=\"\" width=\"620\" height=\"423\" srcset=\"http:\/\/folhadosudeste.com\/site\/wp-content\/uploads\/2017\/07\/IMG_1388-1024x698.jpg 1024w, http:\/\/folhadosudeste.com\/site\/wp-content\/uploads\/2017\/07\/IMG_1388-300x205.jpg 300w, http:\/\/folhadosudeste.com\/site\/wp-content\/uploads\/2017\/07\/IMG_1388-768x524.jpg 768w, http:\/\/folhadosudeste.com\/site\/wp-content\/uploads\/2017\/07\/IMG_1388.jpg 2048w\" sizes=\"auto, (max-width: 620px) 100vw, 620px\" \/><\/a><\/p>\n<p class=\"m_-8370756598719867511gmail-MsoNoSpacing\" style=\"text-align: justify;\" align=\"center\"><i>Prefeitura disponibilizou novo espa\u00e7o para oferecer melhor atendimento aos pacientes com depend\u00eancia qu\u00edmica<\/i><\/p>\n<p class=\"m_-8370756598719867511gmail-MsoNoSpacing\" style=\"text-align: justify;\">O Centro de Aten\u00e7\u00e3o Psicossocial \u2013 \u00c1lcool e Drogas (CAPS AD) est\u00e1 funcionando em novo local desde a \u00faltima sexta-feira (14). A nova sede, no bairro S\u00e3o Francisco, est\u00e1 adequada \u00e0s exig\u00eancias da Ger\u00eancia Regional de Sa\u00fade de Ub\u00e1, para prestar melhor servi\u00e7o e oferecer mais conforto aos pacientes que sofrem com depend\u00eancia qu\u00edmica.<\/p>\n<p class=\"m_-8370756598719867511gmail-MsoNoSpacing\" style=\"text-align: justify;\">O CAPS AD tem o objetivo de oferecer melhor qualidade de vida para os dependentes qu\u00edmicos, atrav\u00e9s da realiza\u00e7\u00e3o de oficinas e grupos terap\u00eauticos, al\u00e9m de atendimento individual aos pacientes de Muria\u00e9 e de mais dez cidades da regi\u00e3o. A equipe \u00e9 composta por m\u00e9dicos, enfermeiro, t\u00e9cnico de enfermagem, psic\u00f3logos, assistente social, terapeuta ocupacional, artes\u00e3os, educador f\u00edsico e auxiliar administrativo. O Centro funciona de segunda a sexta-feira, de 7h \u00e0s 17h.<\/p>\n<p class=\"m_-8370756598719867511gmail-MsoNoSpacing\" style=\"text-align: justify;\">Conforme explicou a coordenadora de Sa\u00fade Mental da Prefeitura de Muria\u00e9, Cintia Muglia, o novo local \u00e9 estrat\u00e9gico. Est\u00e1 pr\u00f3ximo \u00e0 Unidade B\u00e1sica de Sa\u00fade (UBS) do bairro e ao Hospital S\u00e3o Paulo (o que facilita a realiza\u00e7\u00e3o de exames e conten\u00e7\u00e3o de crises mais graves de abstin\u00eancia), al\u00e9m de estar perto do campo do Cruzeiro, para a pr\u00e1tica de atividades esportivas.<\/p>\n<p class=\"m_-8370756598719867511gmail-MsoNoSpacing\" style=\"text-align: justify;\"><b>NOVO ESPA\u00c7O OFERECE MAIS POSSIBILIDADES AOS PACIENTES<\/b><\/p>\n<p class=\"m_-8370756598719867511gmail-MsoNoSpacing\" style=\"text-align: justify;\">O prefeito Grego afirma que cuidar das pessoas \u00e9 um compromisso de sua gest\u00e3o. \u201cAl\u00e9m de atender \u00e0s exig\u00eancias da Ger\u00eancia Regional de Sa\u00fade, o espa\u00e7o atual permite que as pessoas possam desenvolver melhor e com mais conforto as suas atividades. Estamos nos empenhando ao m\u00e1ximo para oferecer um tratamento humanizado, digno e de qualidade a todos\u201d, afirmou.<\/p>\n<p class=\"m_-8370756598719867511gmail-MsoNoSpacing\" style=\"text-align: justify;\"><b>SERVI\u00c7O:<\/b><\/p>\n<p class=\"m_-8370756598719867511gmail-MsoNoSpacing\" style=\"text-align: justify;\">CAPS AD<\/p>\n<p class=\"m_-8370756598719867511gmail-MsoNoSpacing\" style=\"text-align: justify;\">Local: Rua Prefeito Geraldo Starling, 340, bairro S\u00e3o Francisco<\/p>\n<p class=\"m_-8370756598719867511gmail-MsoNoSpacing\" style=\"text-align: justify;\">Dia: segunda a sexta-feira<\/p>\n<p class=\"m_-8370756598719867511gmail-MsoNoSpacing\" style=\"text-align: justify;\">Hor\u00e1rio: 7h \u00e0s 17h (sem intervalo para almo\u00e7o)<\/p>\n<p class=\"m_-8370756598719867511gmail-MsoNoSpacing\" style=\"text-align: justify;\">Telefone: 3729-1281<\/p>\n","protected":false},"excerpt":{"rendered":"<p>Prefeitura disponibilizou novo espa\u00e7o para oferecer melhor atendimento aos pacientes com depend\u00eancia qu\u00edmica O Centro de Aten\u00e7\u00e3o Psicossocial \u2013 \u00c1lcool e Drogas (CAPS AD) est\u00e1 funcionando em novo local desde a \u00faltima sexta-feira (14). A nova sede, no bairro S\u00e3o Francisco, est\u00e1 adequada \u00e0s exig\u00eancias da Ger\u00eancia Regional de Sa\u00fade de Ub\u00e1, para prestar melhor [&hellip;]<\/p>\n","protected":false},"author":6,"featured_media":41393,"comment_status":"open","ping_status":"closed","sticky":false,"template":"","format":"standard","meta":{"_joinchat":[],"footnotes":""},"categories":[1],"tags":[],"class_list":["post-41392","post","type-post","status-publish","format-standard","has-post-thumbnail","hentry","category-sem-categoria"],"_links":{"self":[{"href":"http:\/\/folhadosudeste.com\/site\/index.php?rest_route=\/wp\/v2\/posts\/41392","targetHints":{"allow":["GET"]}}],"collection":[{"href":"http:\/\/folhadosudeste.com\/site\/index.php?rest_route=\/wp\/v2\/posts"}],"about":[{"href":"http:\/\/folhadosudeste.com\/site\/index.php?rest_route=\/wp\/v2\/types\/post"}],"author":[{"embeddable":true,"href":"http:\/\/folhadosudeste.com\/site\/index.php?rest_route=\/wp\/v2\/users\/6"}],"replies":[{"embeddable":true,"href":"http:\/\/folhadosudeste.com\/site\/index.php?rest_route=%2Fwp%2Fv2%2Fcomments&post=41392"}],"version-history":[{"count":1,"href":"http:\/\/folhadosudeste.com\/site\/index.php?rest_route=\/wp\/v2\/posts\/41392\/revisions"}],"predecessor-version":[{"id":41394,"href":"http:\/\/folhadosudeste.com\/site\/index.php?rest_route=\/wp\/v2\/posts\/41392\/revisions\/41394"}],"wp:featuredmedia":[{"embeddable":true,"href":"http:\/\/folhadosudeste.com\/site\/index.php?rest_route=\/wp\/v2\/media\/41393"}],"wp:attachment":[{"href":"http:\/\/folhadosudeste.com\/site\/index.php?rest_route=%2Fwp%2Fv2%2Fmedia&parent=41392"}],"wp:term":[{"taxonomy":"category","embeddable":true,"href":"http:\/\/folhadosudeste.com\/site\/index.php?rest_route=%2Fwp%2Fv2%2Fcategories&post=41392"},{"taxonomy":"post_tag","embeddable":true,"href":"http:\/\/folhadosudeste.com\/site\/index.php?rest_route=%2Fwp%2Fv2%2Ftags&post=41392"}],"curies":[{"name":"wp","href":"https:\/\/api.w.org\/{rel}","templated":true}]}}