{"id":41395,"date":"2017-07-19T13:15:05","date_gmt":"2017-07-19T13:15:05","guid":{"rendered":"http:\/\/folhadosudeste.com\/site\/?p=41395"},"modified":"2017-07-19T13:15:05","modified_gmt":"2017-07-19T13:15:05","slug":"conferencia-municipal-debate-melhorias-na-saude","status":"publish","type":"post","link":"http:\/\/folhadosudeste.com\/site\/?p=41395","title":{"rendered":"CONFER\u00caNCIA MUNICIPAL DEBATE MELHORIAS NA SA\u00daDE"},"content":{"rendered":"<p align=\"center\">&nbsp;<\/p>\n<p align=\"center\"><a href=\"http:\/\/folhadosudeste.com\/site\/wp-content\/uploads\/2017\/07\/IMG_1436.jpg\"><img loading=\"lazy\" decoding=\"async\" class=\"aligncenter wp-image-41396 size-large\" src=\"http:\/\/folhadosudeste.com\/site\/wp-content\/uploads\/2017\/07\/IMG_1436-1024x762.jpg\" alt=\"\" width=\"620\" height=\"461\" srcset=\"http:\/\/folhadosudeste.com\/site\/wp-content\/uploads\/2017\/07\/IMG_1436-1024x762.jpg 1024w, http:\/\/folhadosudeste.com\/site\/wp-content\/uploads\/2017\/07\/IMG_1436-300x223.jpg 300w, http:\/\/folhadosudeste.com\/site\/wp-content\/uploads\/2017\/07\/IMG_1436-768x571.jpg 768w, http:\/\/folhadosudeste.com\/site\/wp-content\/uploads\/2017\/07\/IMG_1436.jpg 2048w\" sizes=\"auto, (max-width: 620px) 100vw, 620px\" \/><\/a><\/p>\n<p class=\"m_-5257508315636760986gmail-MsoNoSpacing\" style=\"text-align: justify;\" align=\"center\"><i>Evento promovido pela Prefeitura contou com autoridades e profissionais da \u00e1rea<\/i><\/p>\n<p class=\"m_-5257508315636760986gmail-MsoNoSpacing\" style=\"text-align: justify;\">Direitos, conquistas e a defesa de um SUS de qualidade foram os itens abordados durante a primeira Confer\u00eancia Municipal de Vigil\u00e2ncia em Sa\u00fade. Realizada na tarde da \u00faltima ter\u00e7a-feira (18), no Teatro Zaccaria Marques, o evento reuniu autoridades e profissionais do setor, para discutir propostas que busquem melhorias para os servi\u00e7os oferecidos aos muriaeenses.<\/p>\n<p class=\"m_-5257508315636760986gmail-MsoNoSpacing\" style=\"text-align: justify;\">A vigil\u00e2ncia est\u00e1 relacionada \u00e0s pr\u00e1ticas de aten\u00e7\u00e3o e promo\u00e7\u00e3o da sa\u00fade, e \u00e0 preven\u00e7\u00e3o de doen\u00e7as. Al\u00e9m disso, aborda temas como: pol\u00edtica e planejamento, epidemiologia, condi\u00e7\u00f5es de vida, ambiente, entre outros.<\/p>\n<p class=\"m_-5257508315636760986gmail-MsoNoSpacing\" style=\"text-align: justify;\">Durante a Confer\u00eancia, foram realizadas palestra sobre o tema central e debates. Ao final, houve a vota\u00e7\u00e3o das propostas a serem apresentadas durante a etapa estadual, que acontecer\u00e1 entre os dias 28 e 30 de setembro, em Belo Horizonte.<\/p>\n<p class=\"m_-5257508315636760986gmail-MsoNoSpacing\" style=\"text-align: justify;\"><b>PREFEITO DESTACA IMPORT\u00c2NCIA DE DEBATER NOVAS A\u00c7\u00d5ES PARA SA\u00daDE<\/b><\/p>\n<p class=\"m_-5257508315636760986gmail-MsoNoSpacing\" style=\"text-align: justify;\">Na abertura do evento, o prefeito Grego frisou que as confer\u00eancias municipais s\u00e3o importantes para se discutir, em conjunto, a\u00e7\u00f5es para uma sa\u00fade p\u00fablica mais eficiente e que melhor atenda os muriaeenses. \u201cO compromisso da nossa gest\u00e3o \u00e9 fomentar a participa\u00e7\u00e3o popular dentro da Administra\u00e7\u00e3o. Na \u00e1rea da sa\u00fade, principalmente, este di\u00e1logo \u00e9 muito importante, n\u00e3o s\u00f3 para apontar as dificuldades, mas para apresentar solu\u00e7\u00f5es, construindo um novo caminho para a sa\u00fade p\u00fablica de Muria\u00e9\u201d, afirmou.&nbsp;<\/p>\n","protected":false},"excerpt":{"rendered":"<p>&nbsp; Evento promovido pela Prefeitura contou com autoridades e profissionais da \u00e1rea Direitos, conquistas e a defesa de um SUS de qualidade foram os itens abordados durante a primeira Confer\u00eancia Municipal de Vigil\u00e2ncia em Sa\u00fade. Realizada na tarde da \u00faltima ter\u00e7a-feira (18), no Teatro Zaccaria Marques, o evento reuniu autoridades e profissionais do setor, para [&hellip;]<\/p>\n","protected":false},"author":6,"featured_media":41396,"comment_status":"open","ping_status":"closed","sticky":false,"template":"","format":"standard","meta":{"_joinchat":[],"footnotes":""},"categories":[1],"tags":[],"class_list":["post-41395","post","type-post","status-publish","format-standard","has-post-thumbnail","hentry","category-sem-categoria"],"_links":{"self":[{"href":"http:\/\/folhadosudeste.com\/site\/index.php?rest_route=\/wp\/v2\/posts\/41395","targetHints":{"allow":["GET"]}}],"collection":[{"href":"http:\/\/folhadosudeste.com\/site\/index.php?rest_route=\/wp\/v2\/posts"}],"about":[{"href":"http:\/\/folhadosudeste.com\/site\/index.php?rest_route=\/wp\/v2\/types\/post"}],"author":[{"embeddable":true,"href":"http:\/\/folhadosudeste.com\/site\/index.php?rest_route=\/wp\/v2\/users\/6"}],"replies":[{"embeddable":true,"href":"http:\/\/folhadosudeste.com\/site\/index.php?rest_route=%2Fwp%2Fv2%2Fcomments&post=41395"}],"version-history":[{"count":1,"href":"http:\/\/folhadosudeste.com\/site\/index.php?rest_route=\/wp\/v2\/posts\/41395\/revisions"}],"predecessor-version":[{"id":41397,"href":"http:\/\/folhadosudeste.com\/site\/index.php?rest_route=\/wp\/v2\/posts\/41395\/revisions\/41397"}],"wp:featuredmedia":[{"embeddable":true,"href":"http:\/\/folhadosudeste.com\/site\/index.php?rest_route=\/wp\/v2\/media\/41396"}],"wp:attachment":[{"href":"http:\/\/folhadosudeste.com\/site\/index.php?rest_route=%2Fwp%2Fv2%2Fmedia&parent=41395"}],"wp:term":[{"taxonomy":"category","embeddable":true,"href":"http:\/\/folhadosudeste.com\/site\/index.php?rest_route=%2Fwp%2Fv2%2Fcategories&post=41395"},{"taxonomy":"post_tag","embeddable":true,"href":"http:\/\/folhadosudeste.com\/site\/index.php?rest_route=%2Fwp%2Fv2%2Ftags&post=41395"}],"curies":[{"name":"wp","href":"https:\/\/api.w.org\/{rel}","templated":true}]}}