{"id":41405,"date":"2017-07-21T15:04:40","date_gmt":"2017-07-21T15:04:40","guid":{"rendered":"http:\/\/folhadosudeste.com\/site\/?p=41405"},"modified":"2017-07-21T15:04:40","modified_gmt":"2017-07-21T15:04:40","slug":"aluno-do-if-sudeste-e-ex-aluno-do-deca-e-um-dos-fenomenos-da-matematica","status":"publish","type":"post","link":"http:\/\/folhadosudeste.com\/site\/?p=41405","title":{"rendered":"ALUNO DO IF SUDESTE E EX-ALUNO DO DECA \u00c9 UM DOS FEN\u00d4MENOS DA MATEM\u00c1TICA"},"content":{"rendered":"<p style=\"text-align: justify;\"><a href=\"http:\/\/folhadosudeste.com\/site\/wp-content\/uploads\/2017\/07\/BERNARDO.jpg\"><img loading=\"lazy\" decoding=\"async\" class=\"aligncenter size-full wp-image-41406\" src=\"http:\/\/folhadosudeste.com\/site\/wp-content\/uploads\/2017\/07\/BERNARDO.jpg\" alt=\"\" width=\"620\" height=\"340\" srcset=\"http:\/\/folhadosudeste.com\/site\/wp-content\/uploads\/2017\/07\/BERNARDO.jpg 620w, http:\/\/folhadosudeste.com\/site\/wp-content\/uploads\/2017\/07\/BERNARDO-300x165.jpg 300w\" sizes=\"auto, (max-width: 620px) 100vw, 620px\" \/><\/a><\/p>\n<p style=\"text-align: justify;\">Realmente Matem\u00e1tica \u00e9 a praia de Bernardo Silveira Freitas, 16 anos. Prova disso s\u00e3o os excelentes resultados que ele tem conquistado, rendendo at\u00e9 medalhas. A Olimp\u00edada Brasileira de Matem\u00e1tica das Escolas P\u00fablicas (OBMEP) &#8211; realiza\u00e7\u00e3o do Instituto Nacional de Matem\u00e1tica Pura e Aplicada (IMPA), que visa estimular o estudo da matem\u00e1tica e revelar talentos na \u00e1rea -, foi um dos testes em que o estudante p\u00f4de utilizar para mensurar seu n\u00edvel de aprendizado. Na edi\u00e7\u00e3o de 2016, quando concorreu, junto a 18 milh\u00f5es de estudantes do pa\u00eds, ainda estudando pela Escola Estadual Desembargador Can\u00eado (DECA), ele teve um grande desempenho, conquistando a medalha de Bronze, com a qual foi congratulado no dia 08\/07, em Cerim\u00f4nia Regional realizada em Vi\u00e7osa MG, para onde ele viajou em companhia de sua m\u00e3e e da vice-diretora do DECA, Marluce Soares. Mas essa n\u00e3o foi a primeira: Bernardo j\u00e1 havia conquistado a medalha de Bronze na edi\u00e7\u00e3o de 2015 da OBMEP, portanto as conquistas consecutivas t\u00eam se tornado frequentes em sua vida. Atualmente, ele cursa Eletrot\u00e9cnica no IF Sudeste &#8211; Campus Muria\u00e9, localizado na Barra.<\/p>\n<p style=\"text-align: justify;\">Segundo ele, apesar da prova ser teoricamente obrigat\u00f3ria, muitos alunos n\u00e3o levam a s\u00e9rio, mas, com dedica\u00e7\u00e3o e empenho ele conseguiu passar para as segundas fases, obtendo boas pontua\u00e7\u00f5es, as quais levaram-lhe \u00e0s conquistas relatadas. &#8220;Sempre minha mat\u00e9ria preferida foi Matem\u00e1tica, al\u00e9m de ter muita afinidade pela \u00e1rea de Exatas, comprovado tamb\u00e9m pelo meu curso no IF. Acho muito bom essa parte de l\u00f3gica e racioc\u00ednio. Ainda n\u00e3o decidi qual \u00e1rea seguir, mas tenho planos para Engenharia, ainda um pouco em d\u00favida qual: el\u00e9trica ou mec\u00e2nica. Na \u00e1rea de Humanas n\u00e3o sou muito bom e tamb\u00e9m n\u00e3o me desperta muito interesse. Meus professores de Matem\u00e1tica sempre me apoiaram muito e no DECA tinha muito incentivo para esfor\u00e7ar em tirar notas boas. Minha fam\u00edlia tamb\u00e9m sempre deu total apoio, principalmente minha m\u00e3e, sempre interessada em saber quando sa\u00edam os resultados e qual nota eu consegui. Fiquei muito feliz com mais essa conquista&#8221;, completa.<\/p>\n<p style=\"text-align: justify;\">Vivendo a realidade nas escolas, Bernardo percebeu que muitos alunos s\u00f3 fazem a prova &#8216;por fazer&#8217;, querendo terminar cedo para serem liberados, ou seja, marcando as op\u00e7\u00f5es sem ler ou lendo com desinteresse. At\u00e9 mesmo muitos dos que passavam para a segunda fase da OBMEP nem chegavam a fazer o novo teste. Esse \u00e9 um panorama que ele acredita ser necess\u00e1rio mudar na Educa\u00e7\u00e3o brasileira.<\/p>\n<p style=\"text-align: justify;\">Saiba mais na edi\u00e7\u00e3o 767 do Folha do Sudeste<\/p>\n","protected":false},"excerpt":{"rendered":"<p>Realmente Matem\u00e1tica \u00e9 a praia de Bernardo Silveira Freitas, 16 anos. Prova disso s\u00e3o os excelentes resultados que ele tem conquistado, rendendo at\u00e9 medalhas. A Olimp\u00edada Brasileira de Matem\u00e1tica das Escolas P\u00fablicas (OBMEP) &#8211; realiza\u00e7\u00e3o do Instituto Nacional de Matem\u00e1tica Pura e Aplicada (IMPA), que visa estimular o estudo da matem\u00e1tica e revelar talentos na [&hellip;]<\/p>\n","protected":false},"author":2,"featured_media":41406,"comment_status":"open","ping_status":"closed","sticky":false,"template":"","format":"standard","meta":{"_joinchat":[],"footnotes":""},"categories":[1],"tags":[],"class_list":["post-41405","post","type-post","status-publish","format-standard","has-post-thumbnail","hentry","category-sem-categoria"],"_links":{"self":[{"href":"http:\/\/folhadosudeste.com\/site\/index.php?rest_route=\/wp\/v2\/posts\/41405","targetHints":{"allow":["GET"]}}],"collection":[{"href":"http:\/\/folhadosudeste.com\/site\/index.php?rest_route=\/wp\/v2\/posts"}],"about":[{"href":"http:\/\/folhadosudeste.com\/site\/index.php?rest_route=\/wp\/v2\/types\/post"}],"author":[{"embeddable":true,"href":"http:\/\/folhadosudeste.com\/site\/index.php?rest_route=\/wp\/v2\/users\/2"}],"replies":[{"embeddable":true,"href":"http:\/\/folhadosudeste.com\/site\/index.php?rest_route=%2Fwp%2Fv2%2Fcomments&post=41405"}],"version-history":[{"count":1,"href":"http:\/\/folhadosudeste.com\/site\/index.php?rest_route=\/wp\/v2\/posts\/41405\/revisions"}],"predecessor-version":[{"id":41407,"href":"http:\/\/folhadosudeste.com\/site\/index.php?rest_route=\/wp\/v2\/posts\/41405\/revisions\/41407"}],"wp:featuredmedia":[{"embeddable":true,"href":"http:\/\/folhadosudeste.com\/site\/index.php?rest_route=\/wp\/v2\/media\/41406"}],"wp:attachment":[{"href":"http:\/\/folhadosudeste.com\/site\/index.php?rest_route=%2Fwp%2Fv2%2Fmedia&parent=41405"}],"wp:term":[{"taxonomy":"category","embeddable":true,"href":"http:\/\/folhadosudeste.com\/site\/index.php?rest_route=%2Fwp%2Fv2%2Fcategories&post=41405"},{"taxonomy":"post_tag","embeddable":true,"href":"http:\/\/folhadosudeste.com\/site\/index.php?rest_route=%2Fwp%2Fv2%2Ftags&post=41405"}],"curies":[{"name":"wp","href":"https:\/\/api.w.org\/{rel}","templated":true}]}}