{"id":41408,"date":"2017-07-21T15:05:45","date_gmt":"2017-07-21T15:05:45","guid":{"rendered":"http:\/\/folhadosudeste.com\/site\/?p=41408"},"modified":"2017-07-25T01:59:46","modified_gmt":"2017-07-25T01:59:46","slug":"elvecio-silva-inaugura-museu-em-rosario-da-limeira","status":"publish","type":"post","link":"http:\/\/folhadosudeste.com\/site\/?p=41408","title":{"rendered":"ELV\u00c9CIO SILVA INAUGURA MUSEU EM ROS\u00c1RIO DA LIMEIRA"},"content":{"rendered":"<p style=\"text-align: justify;\"><a href=\"http:\/\/folhadosudeste.com\/site\/wp-content\/uploads\/2017\/07\/MUSEU.jpeg\"><img loading=\"lazy\" decoding=\"async\" class=\"aligncenter size-full wp-image-41409\" src=\"http:\/\/folhadosudeste.com\/site\/wp-content\/uploads\/2017\/07\/MUSEU.jpeg\" alt=\"\" width=\"620\" height=\"250\" srcset=\"http:\/\/folhadosudeste.com\/site\/wp-content\/uploads\/2017\/07\/MUSEU.jpeg 620w, http:\/\/folhadosudeste.com\/site\/wp-content\/uploads\/2017\/07\/MUSEU-300x121.jpeg 300w\" sizes=\"auto, (max-width: 620px) 100vw, 620px\" \/><\/a><\/p>\n<p style=\"text-align: justify;\">O limeirense Elv\u00e9cio Geraldo Gon\u00e7alves da Silva inaugurou, na Pra\u00e7a Ros\u00e1rio de F\u00e1tima, em Ros\u00e1rio da Limeira, o Museu Historiogr\u00e1fico Maria Rocha da Silva, cujo nome homenageia sua m\u00e3e. Desde a juventude, no m\u00ednimo h\u00e1 60 anos, ele vinha guardando fotos, documentos e hist\u00f3rias dos mais antigos, inclusive do Padre Am\u00e9rico. Antes do museu, guardava suas rel\u00edquias em casa e mostrava somente para os mais pr\u00f3ximos. Este \u00e9 um sonho de v\u00e1rios anos, acalentado agora com muita alegria e, com este espa\u00e7o, cedido pela Administra\u00e7\u00e3o Municipal, conseguiu realizar. &#8220;No museu estou expondo fotos (mais de 600), posters antigos e novos da cidade, fotos de fam\u00edlias que v\u00eam desde nossos fundadores, do nosso futebol, de casas e ainda pe\u00e7as, como uma m\u00e1quina de costura, batedeira de bolo manual com mais 115 anos, m\u00e1quinas fotogr\u00e1ficas e ainda todos os jornais que foram editados aqui, al\u00e9m de v\u00e1rias outras pe\u00e7as&#8221;, explica. O museu est\u00e1 aberto para visita\u00e7\u00e3o de ter\u00e7a a s\u00e1bado, no hor\u00e1rio de 14 \u00e0s 19h e aos domingos de 9 \u00e0s 12h.<\/p>\n<p style=\"text-align: justify;\">Saiba mais na edi\u00e7\u00e3o 767 do Folha do Sudeste<\/p>\n<p>[ngg_images source=&#8221;galleries&#8221; container_ids=&#8221;1056&#8243; display_type=&#8221;photocrati-nextgen_basic_thumbnails&#8221; override_thumbnail_settings=&#8221;0&#8243; thumbnail_width=&#8221;100&#8243; thumbnail_height=&#8221;75&#8243; thumbnail_crop=&#8221;1&#8243; images_per_page=&#8221;0&#8243; number_of_columns=&#8221;0&#8243; ajax_pagination=&#8221;0&#8243; show_all_in_lightbox=&#8221;0&#8243; use_imagebrowser_effect=&#8221;0&#8243; show_slideshow_link=&#8221;1&#8243; slideshow_link_text=&#8221;[Show as slideshow]&#8221; order_by=&#8221;sortorder&#8221; order_direction=&#8221;ASC&#8221; returns=&#8221;included&#8221; maximum_entity_count=&#8221;500&#8243;]<\/p>\n","protected":false},"excerpt":{"rendered":"<p>O limeirense Elv\u00e9cio Geraldo Gon\u00e7alves da Silva inaugurou, na Pra\u00e7a Ros\u00e1rio de F\u00e1tima, em Ros\u00e1rio da Limeira, o Museu Historiogr\u00e1fico Maria Rocha da Silva, cujo nome homenageia sua m\u00e3e. Desde a juventude, no m\u00ednimo h\u00e1 60 anos, ele vinha guardando fotos, documentos e hist\u00f3rias dos mais antigos, inclusive do Padre Am\u00e9rico. Antes do museu, guardava [&hellip;]<\/p>\n","protected":false},"author":2,"featured_media":41409,"comment_status":"open","ping_status":"closed","sticky":false,"template":"","format":"standard","meta":{"_joinchat":[],"footnotes":""},"categories":[1],"tags":[],"class_list":["post-41408","post","type-post","status-publish","format-standard","has-post-thumbnail","hentry","category-sem-categoria"],"_links":{"self":[{"href":"http:\/\/folhadosudeste.com\/site\/index.php?rest_route=\/wp\/v2\/posts\/41408","targetHints":{"allow":["GET"]}}],"collection":[{"href":"http:\/\/folhadosudeste.com\/site\/index.php?rest_route=\/wp\/v2\/posts"}],"about":[{"href":"http:\/\/folhadosudeste.com\/site\/index.php?rest_route=\/wp\/v2\/types\/post"}],"author":[{"embeddable":true,"href":"http:\/\/folhadosudeste.com\/site\/index.php?rest_route=\/wp\/v2\/users\/2"}],"replies":[{"embeddable":true,"href":"http:\/\/folhadosudeste.com\/site\/index.php?rest_route=%2Fwp%2Fv2%2Fcomments&post=41408"}],"version-history":[{"count":3,"href":"http:\/\/folhadosudeste.com\/site\/index.php?rest_route=\/wp\/v2\/posts\/41408\/revisions"}],"predecessor-version":[{"id":41459,"href":"http:\/\/folhadosudeste.com\/site\/index.php?rest_route=\/wp\/v2\/posts\/41408\/revisions\/41459"}],"wp:featuredmedia":[{"embeddable":true,"href":"http:\/\/folhadosudeste.com\/site\/index.php?rest_route=\/wp\/v2\/media\/41409"}],"wp:attachment":[{"href":"http:\/\/folhadosudeste.com\/site\/index.php?rest_route=%2Fwp%2Fv2%2Fmedia&parent=41408"}],"wp:term":[{"taxonomy":"category","embeddable":true,"href":"http:\/\/folhadosudeste.com\/site\/index.php?rest_route=%2Fwp%2Fv2%2Fcategories&post=41408"},{"taxonomy":"post_tag","embeddable":true,"href":"http:\/\/folhadosudeste.com\/site\/index.php?rest_route=%2Fwp%2Fv2%2Ftags&post=41408"}],"curies":[{"name":"wp","href":"https:\/\/api.w.org\/{rel}","templated":true}]}}